{"id":277195,"date":"2025-07-27T10:26:13","date_gmt":"2025-07-27T10:26:13","guid":{"rendered":"https:\/\/www.europesays.com\/fr\/277195\/"},"modified":"2025-07-27T10:26:13","modified_gmt":"2025-07-27T10:26:13","slug":"un-engin-incendiaire-entoure-dun-drapeau-israelien-depose-devant-un-mcdonalds","status":"publish","type":"post","link":"https:\/\/www.europesays.com\/fr\/277195\/","title":{"rendered":"un engin incendiaire entour\u00e9 d\u2019un drapeau isra\u00e9lien d\u00e9pos\u00e9 devant un McDonald\u2019s"},"content":{"rendered":"<p>Au petit matin ce samedi 26 juillet, un homme a \u00e9chou\u00e9 \u00e0 mettre le feu \u00e0 un dispositif artisanal plac\u00e9 devant l\u2019enseigne. La multinationale est une cible privil\u00e9gi\u00e9e des militants propalestiniens.<\/p>\n<p class=\"fig-paragraph\">Un quart de si\u00e8cle apr\u00e8s le d\u00e9montage du McDonald\u2019s de Millau (Aveyron), un autre \u00e9tablissement de la c\u00e9l\u00e8bre cha\u00eene am\u00e9ricaine de restauration rapide a fr\u00f4l\u00e9 la destruction samedi 26 juillet. Au petit matin un homme \u00e2g\u00e9 d\u2019une soixantaine d\u2019ann\u00e9es a d\u00e9pos\u00e9 un engin incendiaire devant le\u00a0<a href=\"http:\/\/www.lefigaro.fr\/flash-eco\/mcdonald-s-repli-des-resultats-au-quatrieme-trimestre-marche-domestique-a-la-peine-20250210\" data-fig-type=\"NewsFlash\" data-gtm-custom-categorie=\"navigation\" data-gtm-custom-action=\"crossclick\" data-gtm-custom-label=\"Contextuel\" data-gtm-event=\"customEventSPE\" data-fig-domain=\"LEFIGARO\" target=\"_blank\" rel=\"noopener\">McDonald\u2019s\u00a0<\/a>de la rue du 11-Novembre, \u00e0 Clermont-Ferrand (Puy-de-D\u00f4me), a appris Le Figaro de source polici\u00e8re, confirmant une information du\u00a0<a href=\"https:\/\/www.leparisien.fr\/faits-divers\/un-engin-incendiaire-enrobe-dun-drapeau-israelien-depose-devant-un-mcdonalds-a-clermont-ferrand-26-07-2025-XXNUT2VZHRGKNATSWKCQ3VU7EA.php\" target=\"_blank\" rel=\"sponsored noopener\" data-gtm-custom-categorie=\"navigation\" data-gtm-custom-action=\"crossclick\" data-gtm-custom-label=\"Contextuel\" data-gtm-event=\"customEventSPE\">Parisien<\/a> .<\/p>\n<p class=\"fig-paragraph\">Les vid\u00e9os de surveillance montrent l\u2019homme essayant de mettre le feu au dispositif vers 3h40, sans y parvenir, avant de prendre la fuite. Alert\u00e9e, la police a retrouv\u00e9 sur place un engin artisanal, fait d\u2019un bidon contenant un liquide inconnu et entour\u00e9 de fils \u00e9lectriques. L\u2019ensemble \u00e9tait recouvert d\u2019un drapeau isra\u00e9lien endommag\u00e9.<\/p>\n<p>                                    <a class=\"fig-a11y-skip a11y-hidden\" href=\"#fig-a11y-skip-main-inarticle\"><br \/>\n        Passer la publicit\u00e9<br \/>\n    <\/a><\/p>\n<p>McDonald\u2019s, cible privil\u00e9gi\u00e9e des militants propalestiniens<\/p>\n<p class=\"fig-paragraph\">La pr\u00e9sence de ce drapeau donne une tout autre tournure \u00e0 l\u2019acte, puisque le parquet de Clermont-Ferrand a ouvert une enqu\u00eate en flagrance pour \u00abtentative de destruction par moyen dangereux commise en raison de l\u2019appartenance ou la non-appartenance, vraie ou suppos\u00e9e, de la victime \u00e0 une ethnie, nation, race ou religion d\u00e9termin\u00e9e\u00bb. Le dossier a \u00e9t\u00e9 confi\u00e9 \u00e0 la criminalit\u00e9 territoriale de Clermont-Ferrand. Le sexag\u00e9naire n\u2019a pas encore \u00e9t\u00e9 retrouv\u00e9, ni identifi\u00e9. \u00c0 l\u2019heure actuelle, ses motivations restent inconnues.<\/p>\n<p class=\"fig-body-link\">\n            \u00c0 lire aussi<br \/>\n        <a class=\"fig-body-link__link\" href=\"http:\/\/www.lefigaro.fr\/faits-divers\/toulouse-le-groupe-d-activiste-la-frite-insoumise-revendique-l-incendie-d-un-mcdonald-s-20250408\" data-fig-type=\"NewsFlash\" data-gtm-custom-categorie=\"navigation\" data-gtm-custom-action=\"crossclick\" data-gtm-custom-label=\"Contextuel\" data-gtm-event=\"customEventSPE\" data-fig-domain=\"LEFIGARO\" target=\"_blank\" rel=\"noopener\">Toulouse\u00a0: le groupe d\u2019activistes \u00abLa Frite Insoumise\u00bb revendique l\u2019incendie d\u2019un McDonald&rsquo;s<br \/>\n    <\/a>\n<\/p>\n<p class=\"fig-paragraph\">La tentative de destruction pourrait \u00eatre directement en lien avec le conflit \u00e0 Gaza. McDonald\u2019s est devenu une cible de choix pour les militants propalestiniens depuis que la multinationale a annonc\u00e9 en novembre offrir des milliers de repas gratuits \u00e0 l\u2019arm\u00e9e isra\u00e9lienne. Il a \u00e9galement annonc\u00e9 le 4 avril un accord pour racheter le groupe Alonyal, propri\u00e9taire des 225 restaurants franchis\u00e9s en Isra\u00ebl qui d\u00e9tenait la licence depuis plus de trente ans. Des appels au boycott avaient \u00e9t\u00e9 lanc\u00e9s, affectant n\u00e9gativement le chiffre d\u2019affaires.<\/p>\n<p class=\"fig-paragraph\">En avril dernier, un restaurant McDonald\u2019s en construction pr\u00e8s de Toulouse avait \u00e9t\u00e9 incendi\u00e9 par \u00abLes Frites Insoumises\u00bb, une organisation qui avait agi \u00aben soutien au peuple palestinien, et contre la nouvelle strat\u00e9gie d\u2019expansion de la firme\u00bb, selon un communiqu\u00e9 transmis \u00e0 l\u2019\u00e9poque \u00e0 l\u2019AFP.<\/p>\n","protected":false},"excerpt":{"rendered":"Au petit matin ce samedi 26 juillet, un homme a \u00e9chou\u00e9 \u00e0 mettre le feu \u00e0 un dispositif&hellip;\n","protected":false},"author":2,"featured_media":277196,"comment_status":"","ping_status":"","sticky":false,"template":"","format":"standard","meta":{"footnotes":""},"categories":[2],"tags":[11,1011,27,664,679,12],"class_list":{"0":"post-277195","1":"post","2":"type-post","3":"status-publish","4":"format-standard","5":"has-post-thumbnail","7":"category-actualites","8":"tag-actualites","9":"tag-fr","10":"tag-france","11":"tag-israel","12":"tag-mcdonalds","13":"tag-news"},"share_on_mastodon":{"url":"https:\/\/pubeurope.com\/@fr\/114924721627271100","error":""},"_links":{"self":[{"href":"https:\/\/www.europesays.com\/fr\/wp-json\/wp\/v2\/posts\/277195","targetHints":{"allow":["GET"]}}],"collection":[{"href":"https:\/\/www.europesays.com\/fr\/wp-json\/wp\/v2\/posts"}],"about":[{"href":"https:\/\/www.europesays.com\/fr\/wp-json\/wp\/v2\/types\/post"}],"author":[{"embeddable":true,"href":"https:\/\/www.europesays.com\/fr\/wp-json\/wp\/v2\/users\/2"}],"replies":[{"embeddable":true,"href":"https:\/\/www.europesays.com\/fr\/wp-json\/wp\/v2\/comments?post=277195"}],"version-history":[{"count":0,"href":"https:\/\/www.europesays.com\/fr\/wp-json\/wp\/v2\/posts\/277195\/revisions"}],"wp:featuredmedia":[{"embeddable":true,"href":"https:\/\/www.europesays.com\/fr\/wp-json\/wp\/v2\/media\/277196"}],"wp:attachment":[{"href":"https:\/\/www.europesays.com\/fr\/wp-json\/wp\/v2\/media?parent=277195"}],"wp:term":[{"taxonomy":"category","embeddable":true,"href":"https:\/\/www.europesays.com\/fr\/wp-json\/wp\/v2\/categories?post=277195"},{"taxonomy":"post_tag","embeddable":true,"href":"https:\/\/www.europesays.com\/fr\/wp-json\/wp\/v2\/tags?post=277195"}],"curies":[{"name":"wp","href":"https:\/\/api.w.org\/{rel}","templated":true}]}}