{"id":277197,"date":"2025-07-27T10:27:14","date_gmt":"2025-07-27T10:27:14","guid":{"rendered":"https:\/\/www.europesays.com\/fr\/277197\/"},"modified":"2025-07-27T10:27:14","modified_gmt":"2025-07-27T10:27:14","slug":"la-saga-du-site-mermier-a-saint-etienne","status":"publish","type":"post","link":"https:\/\/www.europesays.com\/fr\/277197\/","title":{"rendered":"la saga du site Mermier \u00e0 Saint-\u00c9tienne"},"content":{"rendered":"<p>Selon les matrices cadastrales, \u00c9tienne Mermier est propri\u00e9taire \u00e0 la fin du XIXe si\u00e8cle d\u2019un grand t\u00e8nement rue D\u00e9sir\u00e9-Claude, boulevard Daguerre. Originaire d\u2019Eybens, pr\u00e8s de Grenoble, il devient le promoteur de la fabrication m\u00e9canique de la serrurerie dans la Loire, \u00e0 Saint-\u00c9tienne.<\/p>\n<p>Fond\u00e9s en 1871 par Etienne Mermier, les \u00e9tablissements Mermier et Cie se sont rapidement impos\u00e9s comme un acteur majeur de la quincaillerie. Anim\u00e9 d\u2019un sens aigu des affaires et d\u2019une volont\u00e9 constante d\u2019innovation,<\/p>\n<p>Acteur majeur de la quincaillerie<\/p>\n<p>\u00c9tienne Mermier a su b\u00e2tir un empire industriel. D\u00e8s 1872-1877, il acquiert un brevet d\u2019acier en Norv\u00e8ge et implante trois sites de production strat\u00e9giques \u00e0 Saint-Etienne (rue D\u00e9sir\u00e9-Claude et boulevard Daguerre), au Chambon-Feugerolles et \u00e0 Tinchebray en Normandie.<\/p>\n<p>La production, initialement ax\u00e9e sur des articles pour le monde agricole (fourches, crocs, dents de herse, peignes \u00e0 chevaux\u2026) se diversifie progressivement vers la serrurerie de pr\u00e9cision, avec des articles haut de gamme r\u00e9pondant \u00e0 un besoin de s\u00e9curit\u00e9 renforc\u00e9e. L\u2019entreprise conna\u00eet une expansion significative dans l\u2019entre-deux-guerres, gr\u00e2ce notamment \u00e0 son ouverture sur les march\u00e9s nord-africains.<\/p>\n<p>La famille Mercier pr\u00e9sidera aux destin\u00e9es de la soci\u00e9t\u00e9 durant 140 ans avec, notamment, Charles Mermier jusqu\u2019en 1969 puis Alain Gautier, arri\u00e8re-petit-fils du fondateur, jusqu\u2019en 2011.<\/p>\n<p>Cette ann\u00e9e marque un tournant avec le rachat de l\u2019entreprise par Vincent Perrin et le transfert des actifs de Mermier Saint-Etienne sur le site de Bo\u00ebn-sur-Lignon.<\/p>\n<p>  La seconde vie du site industriel Mermier<\/p>\n<p>Le site Mermier, devenu une friche industrielle en 2011, a connu une transformation spectaculaire, laissant place aux S\u00e9nioriales et \u00e0 un commerce de pneumatiques Vulcain Pneus.<\/p>\n<p>La d\u00e9molition partielle de l\u2019usine Mermier a r\u00e9v\u00e9l\u00e9 la fa\u00e7ade arri\u00e8re des b\u00e2timents \u00e0 sheds du boulevard Daguerre, t\u00e9moins d\u2019une architecture industrielle pass\u00e9e. Ces vastes ouvertures sont bien caract\u00e9ristiques des usines d\u2019autrefois.<\/p>\n<p>Sur cette friche industrielle, <a href=\"https:\/\/www.leprogres.fr\/loire-42-edition-saint-etienne-metropole\/2019\/01\/02\/saint-etienne-65-nouveaux-logements-sur-l-ilot-mermier-a-trefilerie\" target=\"_blank\" rel=\"nofollow noopener\">les S\u00e9nioriales, r\u00e9sidence pour personnes \u00e2g\u00e9es, ont vu le jour<\/a>. Id\u00e9alement situ\u00e9e en plein centre-ville, au c\u0153ur d\u2019un quartier \u00e9tudiant et culturel, \u00e0 proximit\u00e9 des commerces et des transports en commun, cette r\u00e9sidence vise \u00e0 offrir un habitat adapt\u00e9, confortable et s\u00e9curisant. Un am\u00e9nagement paysager avec terrasse et une cour int\u00e9rieure, o\u00f9 une structure de l\u2019ancienne usine a \u00e9t\u00e9 conserv\u00e9e, permet aux r\u00e9sidents de profiter de l\u2019ext\u00e9rieur en toute qui\u00e9tude.<\/p>\n<p>Les usines de lampes Hadco, Vulcain Pneus&#8230;<\/p>\n<p>D\u00e8s la fin des ann\u00e9es 1920, le b\u00e2timent du boulevard Daguerre est d\u00e9j\u00e0 lou\u00e9 \u00e0 une autre entreprise\u00a0: les usines de lampes Hadco. Gr\u00e2ce \u00e0 un outillage automatique de pointe, Hadco cr\u00e9e des lampes \u00e0 incandescence de qualit\u00e9 avec des d\u00e9lais de fabrication restreints pour satisfaire les demandes les plus urgentes en France ou \u00e0 l\u2019\u00e9tranger.<\/p>\n<p>Aujourd\u2019hui, la vocation commerciale de ce b\u00e2timent demeure avec la pr\u00e9sence de l\u2019entreprise Vulcain Pneus, m\u00eame si la majeure partie de cet \u00e9difice a fait l\u2019objet d\u2019une reconversion en lofts.<\/p>\n<p>Cette transformation du site Mermier est un exemple de la capacit\u00e9 de Saint-Etienne \u00e0 se r\u00e9inventer, en conciliant la pr\u00e9servation de son h\u00e9ritage industriel avec le d\u00e9veloppement de nouvelles activit\u00e9s et de nouvelles formes d\u2019habitat, prouvant la capacit\u00e9 de la ville \u00e0 s\u2019adapter aux besoins de ses habitants et aux \u00e9volutions du monde moderne.<\/p>\n","protected":false},"excerpt":{"rendered":"Selon les matrices cadastrales, \u00c9tienne Mermier est propri\u00e9taire \u00e0 la fin du XIXe si\u00e8cle d\u2019un grand t\u00e8nement rue&hellip;\n","protected":false},"author":2,"featured_media":277198,"comment_status":"","ping_status":"","sticky":false,"template":"","format":"standard","meta":{"footnotes":""},"categories":[9653],"tags":[1111,11,2430,1687,7539,1777,674,1011,27,12,2661,25,4001,7538],"class_list":{"0":"post-277197","1":"post","2":"type-post","3":"status-publish","4":"format-standard","5":"has-post-thumbnail","7":"category-saint-etienne","8":"tag-actu","9":"tag-actualites","10":"tag-auvergne-rhone-alpes","11":"tag-culture-loisirs","12":"tag-edition-loire-sud","13":"tag-eu","14":"tag-europe","15":"tag-fr","16":"tag-france","17":"tag-news","18":"tag-patrimoine-culturel","19":"tag-republique-francaise","20":"tag-saint-etienne","21":"tag-saint-etienne-ville"},"share_on_mastodon":{"url":"https:\/\/pubeurope.com\/@fr\/114924725521818032","error":""},"_links":{"self":[{"href":"https:\/\/www.europesays.com\/fr\/wp-json\/wp\/v2\/posts\/277197","targetHints":{"allow":["GET"]}}],"collection":[{"href":"https:\/\/www.europesays.com\/fr\/wp-json\/wp\/v2\/posts"}],"about":[{"href":"https:\/\/www.europesays.com\/fr\/wp-json\/wp\/v2\/types\/post"}],"author":[{"embeddable":true,"href":"https:\/\/www.europesays.com\/fr\/wp-json\/wp\/v2\/users\/2"}],"replies":[{"embeddable":true,"href":"https:\/\/www.europesays.com\/fr\/wp-json\/wp\/v2\/comments?post=277197"}],"version-history":[{"count":0,"href":"https:\/\/www.europesays.com\/fr\/wp-json\/wp\/v2\/posts\/277197\/revisions"}],"wp:featuredmedia":[{"embeddable":true,"href":"https:\/\/www.europesays.com\/fr\/wp-json\/wp\/v2\/media\/277198"}],"wp:attachment":[{"href":"https:\/\/www.europesays.com\/fr\/wp-json\/wp\/v2\/media?parent=277197"}],"wp:term":[{"taxonomy":"category","embeddable":true,"href":"https:\/\/www.europesays.com\/fr\/wp-json\/wp\/v2\/categories?post=277197"},{"taxonomy":"post_tag","embeddable":true,"href":"https:\/\/www.europesays.com\/fr\/wp-json\/wp\/v2\/tags?post=277197"}],"curies":[{"name":"wp","href":"https:\/\/api.w.org\/{rel}","templated":true}]}}