{"id":277207,"date":"2025-07-27T10:35:10","date_gmt":"2025-07-27T10:35:10","guid":{"rendered":"https:\/\/www.europesays.com\/fr\/277207\/"},"modified":"2025-07-27T10:35:10","modified_gmt":"2025-07-27T10:35:10","slug":"ou-chiner-en-aout-autour-de-rouen-voici-le-calendrier-des-foires-a-tout","status":"publish","type":"post","link":"https:\/\/www.europesays.com\/fr\/277207\/","title":{"rendered":"O\u00f9 chiner en ao\u00fbt autour de Rouen ? Voici le calendrier des foires \u00e0 tout"},"content":{"rendered":"<p>            Par<br \/>\n        <strong><br \/>\n            <a href=\"https:\/\/actu.fr\/auteur\/laredaction\" title=\"Consulter tous les articles de R\u00e9daction Normandie\" target=\"_blank\" rel=\"noopener\">R\u00e9daction Normandie<\/a><br \/>\n        <\/strong><\/p>\n<p>        Publi\u00e9 le<\/p>\n<p>            27 juil. 2025 \u00e0 12h04        <\/p>\n<p>Vous aimez chiner ? L\u2019\u00e9t\u00e9 est la saison id\u00e9ale pour cela. Et pour vous aider \u00e0 faire de bonnes affaires, <strong>voici le programme des foires \u00e0 tout<\/strong> dans la r\u00e9gion de <a href=\"https:\/\/actu.fr\/normandie\/rouen_76540\" target=\"_blank\" rel=\"noopener\">Rouen<\/a> durant ce mois d\u2019ao\u00fbt 2025.<\/p>\n<p>Dimanche 3 ao\u00fbt<\/p>\n<p class=\" wall-content\"><strong>Bacqueville (Eure)<\/strong>. Foire \u00e0 tout de l\u2019association Sports et culture. 7 euros les 2 m\u00e8tres. Sans r\u00e9servations.<\/p>\n<p class=\" wall-content\"><strong>La Fert\u00e9-Saint-Samson<\/strong>. Foire \u00e0 tout du comit\u00e9 des f\u00eates, route d\u2019Argueil. 2 euros le m\u00e8tre, uniquement pour les particuliers. R\u00e9servations au 06 30 04 69 06.<\/p>\n<p>Vendredi 15 ao\u00fbt<\/p>\n<p class=\" wall-content\"><strong>Bellencombre<\/strong>. Foire \u00e0 tout du comit\u00e9 des f\u00eates, sur le terrain de foot. 2 euros le m\u00e8tre. R\u00e9servations au 06 75 96 30 52.\u00a0<\/p>\n<p>Dimanche 17 ao\u00fbt<\/p>\n<p class=\" wall-content\"><strong>Auzouville-sur-Ry<\/strong>. Foire \u00e0 tout dans le centre du village. 3 euros le m\u00e8tre, uniquement pour les particuliers. Sans r\u00e9servations. Renseignements au 06 77 99 06 50.<\/p>\n<p class=\" wall-content\"><strong>Muids (Eure)<\/strong>. Foire \u00e0 tout du comit\u00e9 des f\u00eates, stade de foot route d\u2019And\u00e9. R\u00e9servations au 07 70 18 44 07 ou 02 32 54 13 34.<\/p>\n<p>Samedi 23 ao\u00fbt<\/p>\n<p class=\" wall-content\"><strong>Alizay (Eure)<\/strong>. Foire \u00e0 tout du comit\u00e9 des f\u00eates, au gymnase. Sans r\u00e9servation. Renseignements au 06 59 51 28 30.<\/p>\n<p>Dimanche 24 ao\u00fbt<\/p>\n<p class=\" wall-content\"><strong>Alizay (Eure)<\/strong>. Foire \u00e0 tout du comit\u00e9 des f\u00eates, au gymnase. Sans r\u00e9servation. Renseignements au 06 59 51 28 30.<\/p>\n<p class=\" wall-content\"><strong>Hoden-Hodenger<\/strong>. Brocante de la Sauvegarde de la Chapelle. 2 euros le m\u00e8tre, uniquement pour les particuliers. R\u00e9servations au 06 81 84 49 45.<\/p>\n<p class=\" wall-content\"><strong>Rouen<\/strong>. Foire \u00e0 tout de la 3CR, rue Grand-Pont, rue Champmesl\u00e9, quai de la Bourse et quai Corneille. 5,50 euros le m\u00e8tre par multiple de deux. Inscriptions au 06 31 30 10 84.<\/p>\n<p>Dimanche 31 aout<\/p>\n<p class=\" wall-content\"><strong>Bois-H\u00e9roult<\/strong>. Foire \u00e0 tout. Uniquement pour les particuliers. R\u00e9servations au 06 47 58 89 39.<\/p>\n<p class=\" wall-content\"><strong>Rocquemont<\/strong>. Foire \u00e0 tout du comit\u00e9 des f\u00eates, place de la mairie.<\/p>\n<p class=\" wall-content\"><strong>Ry<\/strong>. Foire \u00e0 tout du comit\u00e9 des f\u00eates Festiv\u2019Ry, centre du village. 3 euros le m\u00e8tre et 5 euros le m\u00e8tre pour les professionnels. R\u00e9servations au 06 41 37 92 57.<\/p>\n<p>Suivez l\u2019actualit\u00e9 de Rouen <a href=\"https:\/\/www.whatsapp.com\/channel\/0029VaKfnf99hXF2ddApFB1D\" target=\"_blank\" rel=\"noopener\">sur notre cha\u00eene WhatsApp<\/a> et <a href=\"https:\/\/www.tiktok.com\/@76actu.fr?lang=fr\" target=\"_blank\" rel=\"noopener\">sur notre compte TikTok<\/a><\/p>\n<p class=\" wall-content\">Suivez toute l\u2019actualit\u00e9 de vos villes et m\u00e9dias favoris en vous inscrivant \u00e0 <a href=\"https:\/\/moncompte.actu.fr\" title=\"D\u00e9couvez Mon Actu\" rel=\"nofollow noopener\" data-trk=\"{&quot;cta&quot;:{&quot;action&quot;:&quot;https:\\\/\\\/moncompte.actu.fr&quot;,&quot;category&quot;:&quot;mon compte&quot;,&quot;from&quot;:&quot;article footer&quot;,&quot;name&quot;:&quot;Mon actu&quot;,&quot;type&quot;:&quot;cta&quot;}}\" target=\"_blank\">Mon Actu<\/a>.<\/p>\n<p>                    <script async src=\"\/\/www.tiktok.com\/embed.js\"><\/script><\/p>\n","protected":false},"excerpt":{"rendered":"Par R\u00e9daction Normandie Publi\u00e9 le 27 juil. 2025 \u00e0 12h04 Vous aimez chiner ? L\u2019\u00e9t\u00e9 est la saison&hellip;\n","protected":false},"author":2,"featured_media":277208,"comment_status":"","ping_status":"","sticky":false,"template":"","format":"standard","meta":{"footnotes":""},"categories":[9587],"tags":[1111,11,9086,6961,1777,674,10087,1011,27,1652,12,5161,25,9590],"class_list":{"0":"post-277207","1":"post","2":"type-post","3":"status-publish","4":"format-standard","5":"has-post-thumbnail","7":"category-rouen","8":"tag-actu","9":"tag-actualites","10":"tag-bon-plan-a-rouen","11":"tag-brocante","12":"tag-eu","13":"tag-europe","14":"tag-foires-a-tout","15":"tag-fr","16":"tag-france","17":"tag-loisirs-culture","18":"tag-news","19":"tag-normandie","20":"tag-republique-francaise","21":"tag-rouen"},"share_on_mastodon":{"url":"https:\/\/pubeurope.com\/@fr\/114924757000274259","error":""},"_links":{"self":[{"href":"https:\/\/www.europesays.com\/fr\/wp-json\/wp\/v2\/posts\/277207","targetHints":{"allow":["GET"]}}],"collection":[{"href":"https:\/\/www.europesays.com\/fr\/wp-json\/wp\/v2\/posts"}],"about":[{"href":"https:\/\/www.europesays.com\/fr\/wp-json\/wp\/v2\/types\/post"}],"author":[{"embeddable":true,"href":"https:\/\/www.europesays.com\/fr\/wp-json\/wp\/v2\/users\/2"}],"replies":[{"embeddable":true,"href":"https:\/\/www.europesays.com\/fr\/wp-json\/wp\/v2\/comments?post=277207"}],"version-history":[{"count":0,"href":"https:\/\/www.europesays.com\/fr\/wp-json\/wp\/v2\/posts\/277207\/revisions"}],"wp:featuredmedia":[{"embeddable":true,"href":"https:\/\/www.europesays.com\/fr\/wp-json\/wp\/v2\/media\/277208"}],"wp:attachment":[{"href":"https:\/\/www.europesays.com\/fr\/wp-json\/wp\/v2\/media?parent=277207"}],"wp:term":[{"taxonomy":"category","embeddable":true,"href":"https:\/\/www.europesays.com\/fr\/wp-json\/wp\/v2\/categories?post=277207"},{"taxonomy":"post_tag","embeddable":true,"href":"https:\/\/www.europesays.com\/fr\/wp-json\/wp\/v2\/tags?post=277207"}],"curies":[{"name":"wp","href":"https:\/\/api.w.org\/{rel}","templated":true}]}}