{"id":277211,"date":"2025-07-27T10:39:14","date_gmt":"2025-07-27T10:39:14","guid":{"rendered":"https:\/\/www.europesays.com\/fr\/277211\/"},"modified":"2025-07-27T10:39:14","modified_gmt":"2025-07-27T10:39:14","slug":"les-u19-sinclinent-face-a-la-reserve-de-grenoble","status":"publish","type":"post","link":"https:\/\/www.europesays.com\/fr\/277211\/","title":{"rendered":"les U19 s\u2019inclinent face \u00e0 la r\u00e9serve de Grenoble"},"content":{"rendered":"<p>                            <img width=\"770\" height=\"433\" src=\"https:\/\/www.europesays.com\/fr\/wp-content\/uploads\/2025\/07\/Gj0_iG7XYAApX7l-770x433.jpeg\" class=\"attachment-article size-article wp-post-image\" alt=\"Florent Balmont, ancien milieu de l'OL, d\u00e9sormais entra\u00eeneur\" decoding=\"async\" fetchpriority=\"high\"  \/><\/p>\n<p>Florent Balmont, ancien milieu de l\u2019OL, d\u00e9sormais entra\u00eeneur (@UFMaconnais)<\/p>\n<p>Pour la premi\u00e8re sortie de Florent Balmont comme coach, les U19 de l\u2019OL ont perdu contre la r\u00e9serve de Grenoble (1-3). Les Lyonnais avaient pourtant ouvert le score en premi\u00e8re p\u00e9riode.<\/p>\n<p>Avec de se frotter \u00e0 des joueurs de leur \u00e2ge, les U19 de l\u2019OL avaient un premier test un peu plus cors\u00e9 samedi matin. Pour la premi\u00e8re de Florent\u00a0<strong>Balmont<\/strong>\u00a0\u00e0 la t\u00eate de la cat\u00e9gorie, la formation rhodanienne affrontait en effet la r\u00e9serve de\u00a0<strong>Grenoble<\/strong>, qui \u00e9volue en R\u00e9gional 1. Un match contre des adultes, histoire de tout de suite se mettre dans le bain apr\u00e8s une dizaine de jours d\u2019entra\u00eenement. Dans le duel d\u2019anciens joueurs de Ligue 1 devenus coachs, Marama <strong>Vahirua<\/strong>\u00a0est sorti vainqueur (1-3) devant Florent\u00a0<strong>Balmont<\/strong>.<\/p>\n<p>Un amical mercredi et un tournoi le week-end prochain<\/p>\n<p>C\u2019est pourtant bien les U19 de l\u2019OL qui ont ouvert la marque gr\u00e2ce \u00e0 un de\u00a0<strong>Haktan<\/strong>\u00a0Sener suite \u00e0 un corner. La deuxi\u00e8me mi-temps et certainement la diff\u00e9rence physique ont eu raison de la premi\u00e8re victoire de l\u2019\u00e9t\u00e9 des jeunes Lyonnais. Gr\u00e2ce \u00e0 une r\u00e9alisation d\u2019Alexis\u00a0<strong>Pradeloux<\/strong>\u00a0et \u00e0 un doubl\u00e9 de Th\u00e9o\u00a0<strong>Jarlaud<\/strong>, le GF38 l\u2019a emport\u00e9 samedi \u00e0 Meyzieu. Pour l\u2019OL, il faut d\u00e9sormais se tourner vers l\u2019amical contre les U19 du\u00a0<strong>FC Nantes<\/strong>\u00a0mercredi avant de disputer le\u00a0<a href=\"https:\/\/www.olympique-et-lyonnais.com\/lol-connait-ses-adversaires-pour-le-tournoi-carisport-u19,371179.html\" rel=\"nofollow noopener\" target=\"_blank\">tournoi Carisport<\/a>\u00a0le week-end prochain.<\/p>\n<p>\t\t\t\t\t<a href=\"https:\/\/www.olympique-et-lyonnais.com\/hambourg-ol-0-4-merah-sait-quil-peut-encore-faire-mieux,372993.html\" title=\"Hambourg - OL (0-4) : Merah sait &quot;qu\u2019il peut encore faire mieux&quot;\" rel=\"nofollow noopener\" target=\"_blank\"><img loading=\"lazy\" width=\"580\" height=\"326\" src=\"https:\/\/www.europesays.com\/fr\/wp-content\/uploads\/2025\/07\/IMG_3478-580x326.jpg\" class=\"attachment-actularge size-actularge wp-post-image\" alt=\"Khalis Merah lors d'OL - RWDM Brussels\" decoding=\"async\"  \/>\t\t\t\t\t<\/a><\/p>\n","protected":false},"excerpt":{"rendered":"Florent Balmont, ancien milieu de l\u2019OL, d\u00e9sormais entra\u00eeneur (@UFMaconnais) Pour la premi\u00e8re sortie de Florent Balmont comme coach,&hellip;\n","protected":false},"author":2,"featured_media":277212,"comment_status":"","ping_status":"","sticky":false,"template":"","format":"standard","meta":{"footnotes":""},"categories":[9566],"tags":[1111,11,2430,1777,674,1011,27,2731,12,241,978,25],"class_list":{"0":"post-277211","1":"post","2":"type-post","3":"status-publish","4":"format-standard","5":"has-post-thumbnail","7":"category-grenoble","8":"tag-actu","9":"tag-actualites","10":"tag-auvergne-rhone-alpes","11":"tag-eu","12":"tag-europe","13":"tag-fr","14":"tag-france","15":"tag-grenoble","16":"tag-news","17":"tag-ol","18":"tag-olympique-lyonnais","19":"tag-republique-francaise"},"share_on_mastodon":{"url":"https:\/\/pubeurope.com\/@fr\/114924772733652849","error":""},"_links":{"self":[{"href":"https:\/\/www.europesays.com\/fr\/wp-json\/wp\/v2\/posts\/277211","targetHints":{"allow":["GET"]}}],"collection":[{"href":"https:\/\/www.europesays.com\/fr\/wp-json\/wp\/v2\/posts"}],"about":[{"href":"https:\/\/www.europesays.com\/fr\/wp-json\/wp\/v2\/types\/post"}],"author":[{"embeddable":true,"href":"https:\/\/www.europesays.com\/fr\/wp-json\/wp\/v2\/users\/2"}],"replies":[{"embeddable":true,"href":"https:\/\/www.europesays.com\/fr\/wp-json\/wp\/v2\/comments?post=277211"}],"version-history":[{"count":0,"href":"https:\/\/www.europesays.com\/fr\/wp-json\/wp\/v2\/posts\/277211\/revisions"}],"wp:featuredmedia":[{"embeddable":true,"href":"https:\/\/www.europesays.com\/fr\/wp-json\/wp\/v2\/media\/277212"}],"wp:attachment":[{"href":"https:\/\/www.europesays.com\/fr\/wp-json\/wp\/v2\/media?parent=277211"}],"wp:term":[{"taxonomy":"category","embeddable":true,"href":"https:\/\/www.europesays.com\/fr\/wp-json\/wp\/v2\/categories?post=277211"},{"taxonomy":"post_tag","embeddable":true,"href":"https:\/\/www.europesays.com\/fr\/wp-json\/wp\/v2\/tags?post=277211"}],"curies":[{"name":"wp","href":"https:\/\/api.w.org\/{rel}","templated":true}]}}