{"id":277213,"date":"2025-07-27T10:40:15","date_gmt":"2025-07-27T10:40:15","guid":{"rendered":"https:\/\/www.europesays.com\/fr\/277213\/"},"modified":"2025-07-27T10:40:15","modified_gmt":"2025-07-27T10:40:15","slug":"cest-mieux-que-rien-a-rennes-lombriere-en-test-sur-la-place-hoche-peine-a-convaincre","status":"publish","type":"post","link":"https:\/\/www.europesays.com\/fr\/277213\/","title":{"rendered":"\u00ab\u00a0C\u2019est mieux que rien\u00a0\u00bb\u00a0: \u00e0 Rennes, l\u2019ombri\u00e8re en test sur la place Hoche peine \u00e0 convaincre"},"content":{"rendered":"<p>D\u00e9but juillet, une curieuse structure a vu le jour sur la place Hoche, \u00e0 Rennes. Actuellement en phase de test, une ombri\u00e8re a \u00e9t\u00e9 install\u00e9e sur la place par la mairie pour l\u2019\u00e9t\u00e9 afin d\u2019apporter de l\u2019ombre aux passants. Face aux vagues de chaleurs, la ville souhaite s\u2019adapter aux effets du changement climatique.<\/p>\n<p>La structure en dur, d\u2019une surface de 26 m2, est compos\u00e9e de quatre poteaux surmont\u00e9s d\u2019une toiture en lamelles de bois, orient\u00e9s de sorte \u00e0 contrer les rayons du soleil lorsque celui-ci est au z\u00e9nith. Trois bancs en bois ont \u00e9galement \u00e9t\u00e9 install\u00e9s en dessous. Un dispositif tr\u00e8s simple donc, qui permettrait, selon la mairie, \u00ab de proposer une structure solide et facile d\u2019installation \u00bb. L\u2019\u00e9quipement s\u2019inspire de mod\u00e8les d\u00e9j\u00e0 r\u00e9alis\u00e9s en France, notamment \u00e0 Paris.<\/p>\n<p>Une place tr\u00e8s expos\u00e9e<\/p>\n<p>Et le choix de l\u2019emplacement n\u2019a pas \u00e9t\u00e9 fait au hasard. En plein \u00e9t\u00e9, la place Hoche se retrouve particuli\u00e8rement touch\u00e9e par les fortes chaleurs. En cause, un sol enti\u00e8rement b\u00e9tonn\u00e9 et entour\u00e9 d\u2019une ceinture de b\u00e2timents qui g\u00e9n\u00e8rent un \u00eelot de chaleur. Pour contrer ces effets, la v\u00e9g\u00e9talisation des lieux urbains est g\u00e9n\u00e9ralement privil\u00e9gi\u00e9e mais dans le cas de la place Hoche, la pr\u00e9sence d\u2019un parking sous-terrain rend l\u2019op\u00e9ration impossible.<\/p>\n<p>N\u00e9anmoins, le projet n\u2019a pas pour vocation d\u2019apporter de la fra\u00eecheur. \u00ab L\u2019ombri\u00e8re ne participe pas au rafra\u00eechissement urbain, comme peuvent le faire les arbres, mais permet d\u2019offrir un abri dans un secteur particuli\u00e8rement expos\u00e9 \u00bb, souligne la mairie.<\/p>\n<p>Des passants pas tous convaincus<\/p>\n<p>Certains passants rencontr\u00e9s sous l\u2019ombri\u00e8re restent, pour certains, plut\u00f4t dubitatifs. \u00ab C\u2019est trop petit et ce n\u2019est pas tr\u00e8s efficace \u00bb, raconte Annick. \u00ab J\u2019ai quand m\u00eame toujours chaud quand je suis dessous \u00bb, explique Jacqueline, qui vante les m\u00e9rites du ciel de rue de la rue Le Bastard. \u00ab Apr\u00e8s, c\u2019est mieux que rien \u00bb, admet Jacqueline. \u00ab C\u2019est plut\u00f4t int\u00e9ressant, il fait chaud sur la place, donc \u00e7a \ufeffpermet quand m\u00eame de s\u2019abriter \u00bb, t\u00e9moigne Yann Salako. En somme, m\u00eame si l\u2019ombri\u00e8re n\u2019arrive pas \u00e0 convaincre tous les passants, certains soulignent l\u2019initiative.<\/p>\n<p>L\u2019ombri\u00e8re devrait \u00eatre d\u00e9mont\u00e9e \u00e0 la fin de l\u2019\u00e9t\u00e9. Si les retours sont positifs, la mairie envisage sa r\u00e9installation l\u2019ann\u00e9e prochaine, sans pour autant envisager une solution permanente pour contrer la chaleur sur la place Hoche.<\/p>\n","protected":false},"excerpt":{"rendered":"D\u00e9but juillet, une curieuse structure a vu le jour sur la place Hoche, \u00e0 Rennes. Actuellement en phase&hellip;\n","protected":false},"author":2,"featured_media":277214,"comment_status":"","ping_status":"","sticky":false,"template":"","format":"standard","meta":{"footnotes":""},"categories":[2821],"tags":[1111,11,829,1777,674,1011,27,848,12,584,25],"class_list":{"0":"post-277213","1":"post","2":"type-post","3":"status-publish","4":"format-standard","5":"has-post-thumbnail","7":"category-rennes","8":"tag-actu","9":"tag-actualites","10":"tag-bretagne","11":"tag-eu","12":"tag-europe","13":"tag-fr","14":"tag-france","15":"tag-ille-et-vilaine","16":"tag-news","17":"tag-rennes","18":"tag-republique-francaise"},"share_on_mastodon":{"url":"https:\/\/pubeurope.com\/@fr\/114924776636236753","error":""},"_links":{"self":[{"href":"https:\/\/www.europesays.com\/fr\/wp-json\/wp\/v2\/posts\/277213","targetHints":{"allow":["GET"]}}],"collection":[{"href":"https:\/\/www.europesays.com\/fr\/wp-json\/wp\/v2\/posts"}],"about":[{"href":"https:\/\/www.europesays.com\/fr\/wp-json\/wp\/v2\/types\/post"}],"author":[{"embeddable":true,"href":"https:\/\/www.europesays.com\/fr\/wp-json\/wp\/v2\/users\/2"}],"replies":[{"embeddable":true,"href":"https:\/\/www.europesays.com\/fr\/wp-json\/wp\/v2\/comments?post=277213"}],"version-history":[{"count":0,"href":"https:\/\/www.europesays.com\/fr\/wp-json\/wp\/v2\/posts\/277213\/revisions"}],"wp:featuredmedia":[{"embeddable":true,"href":"https:\/\/www.europesays.com\/fr\/wp-json\/wp\/v2\/media\/277214"}],"wp:attachment":[{"href":"https:\/\/www.europesays.com\/fr\/wp-json\/wp\/v2\/media?parent=277213"}],"wp:term":[{"taxonomy":"category","embeddable":true,"href":"https:\/\/www.europesays.com\/fr\/wp-json\/wp\/v2\/categories?post=277213"},{"taxonomy":"post_tag","embeddable":true,"href":"https:\/\/www.europesays.com\/fr\/wp-json\/wp\/v2\/tags?post=277213"}],"curies":[{"name":"wp","href":"https:\/\/api.w.org\/{rel}","templated":true}]}}