{"id":277221,"date":"2025-07-27T10:46:12","date_gmt":"2025-07-27T10:46:12","guid":{"rendered":"https:\/\/www.europesays.com\/fr\/277221\/"},"modified":"2025-07-27T10:46:12","modified_gmt":"2025-07-27T10:46:12","slug":"surrealiste-drole-monumental-nos-cinq-immanquables-du-voyage-a-nantes","status":"publish","type":"post","link":"https:\/\/www.europesays.com\/fr\/277221\/","title":{"rendered":"Surr\u00e9aliste, dr\u00f4le, monumental\u2026 Nos cinq immanquables du Voyage \u00e0 Nantes"},"content":{"rendered":"<p>Un perroquet tragicomique, l\u2019av\u00e8nement de la vie, des statues r\u00e9alistes, un orchestre surr\u00e9aliste et un personnage qui parcourt \u00e0 l\u2019horizontal la colonne Louis XVI. Voil\u00e0 quelques-unes des douze nouveaut\u00e9s pr\u00e9sent\u00e9es par<a href=\"https:\/\/rennes.maville.com\/actu\/actudet_-en-images.-l-etrange-ete-du-voyage-a-nantes-debute-ce-samedi-a-nantes-_52716-6875783_actu.Htm\" target=\"_blank\" rel=\"noopener\"> le Voyage \u00e0 Nantes (Van), un rendez-vous artistique estival qui prend place dans l\u2019espace urbain nantais <\/a>depuis 2012 et se d\u00e9couvre gratuitement.<\/p>\n<p><strong>La plus surr\u00e9aliste<\/strong><\/p>\n<p>\t<img decoding=\"async\" src=\"https:\/\/www.europesays.com\/fr\/wp-content\/uploads\/2025\/07\/P35376957D6915231G_px_640_.jpg\" alt=\"photo l\u2019un des musiciens de \u00ab\u00a0la mauvaise troupe\u00a0\u00bb de romain weintzem sonne le tocsin.  \u00a9  j\u00e9r\u00f4me fouquet\/ouest-france\" width=\"640\" title=\" L\u2019un des musiciens de \u00ab\u00a0La mauvaise troupe\u00a0\u00bb de Romain Weintzem sonne le tocsin.   J\u00e9r\u00f4me Fouquet\/Ouest-France \"\/><\/p>\n<p class=\"elmt-legende\"> L\u2019un des musiciens de \u00ab\u00a0La mauvaise troupe\u00a0\u00bb de Romain Weintzem sonne le tocsin.   J\u00e9r\u00f4me Fouquet\/Ouest-France <\/p>\n<p>Sur l\u2019enceinte du &#8230;<\/p>\n<p>\u00a0<\/p>\n","protected":false},"excerpt":{"rendered":"Un perroquet tragicomique, l\u2019av\u00e8nement de la vie, des statues r\u00e9alistes, un orchestre surr\u00e9aliste et un personnage qui parcourt&hellip;\n","protected":false},"author":2,"featured_media":277222,"comment_status":"","ping_status":"","sticky":false,"template":"","format":"standard","meta":{"footnotes":""},"categories":[2818],"tags":[1111,11,9479,1777,674,1011,27,30934,26484,766,12,2636,25,6689,41640,586,9693],"class_list":{"0":"post-277221","1":"post","2":"type-post","3":"status-publish","4":"format-standard","5":"has-post-thumbnail","7":"category-nantes","8":"tag-actu","9":"tag-actualites","10":"tag-drole","11":"tag-eu","12":"tag-europe","13":"tag-fr","14":"tag-france","15":"tag-immanquables","16":"tag-monumental","17":"tag-nantes","18":"tag-news","19":"tag-pays-de-la-loire","20":"tag-republique-francaise","21":"tag-roche","22":"tag-surrealiste","23":"tag-voyage","24":"tag-yon"},"share_on_mastodon":{"url":"https:\/\/pubeurope.com\/@fr\/114924800317202618","error":""},"_links":{"self":[{"href":"https:\/\/www.europesays.com\/fr\/wp-json\/wp\/v2\/posts\/277221","targetHints":{"allow":["GET"]}}],"collection":[{"href":"https:\/\/www.europesays.com\/fr\/wp-json\/wp\/v2\/posts"}],"about":[{"href":"https:\/\/www.europesays.com\/fr\/wp-json\/wp\/v2\/types\/post"}],"author":[{"embeddable":true,"href":"https:\/\/www.europesays.com\/fr\/wp-json\/wp\/v2\/users\/2"}],"replies":[{"embeddable":true,"href":"https:\/\/www.europesays.com\/fr\/wp-json\/wp\/v2\/comments?post=277221"}],"version-history":[{"count":0,"href":"https:\/\/www.europesays.com\/fr\/wp-json\/wp\/v2\/posts\/277221\/revisions"}],"wp:featuredmedia":[{"embeddable":true,"href":"https:\/\/www.europesays.com\/fr\/wp-json\/wp\/v2\/media\/277222"}],"wp:attachment":[{"href":"https:\/\/www.europesays.com\/fr\/wp-json\/wp\/v2\/media?parent=277221"}],"wp:term":[{"taxonomy":"category","embeddable":true,"href":"https:\/\/www.europesays.com\/fr\/wp-json\/wp\/v2\/categories?post=277221"},{"taxonomy":"post_tag","embeddable":true,"href":"https:\/\/www.europesays.com\/fr\/wp-json\/wp\/v2\/tags?post=277221"}],"curies":[{"name":"wp","href":"https:\/\/api.w.org\/{rel}","templated":true}]}}