{"id":277225,"date":"2025-07-27T10:48:13","date_gmt":"2025-07-27T10:48:13","guid":{"rendered":"https:\/\/www.europesays.com\/fr\/277225\/"},"modified":"2025-07-27T10:48:13","modified_gmt":"2025-07-27T10:48:13","slug":"la-gronde-continue-pour-les-opposants-au-projet-daccrobranche-dans-un-parc-pres-de-bordeaux","status":"publish","type":"post","link":"https:\/\/www.europesays.com\/fr\/277225\/","title":{"rendered":"La gronde continue pour les opposants au projet d&rsquo;accrobranche dans un parc pr\u00e8s de Bordeaux"},"content":{"rendered":"<p>            Par<br \/>\n        <strong><br \/>\n            <a href=\"https:\/\/actu.fr\/auteur\/julian-doubax\" title=\"Consulter tous les articles de Julian Doubax\" target=\"_blank\" rel=\"noopener\">Julian Doubax<\/a><br \/>\n        <\/strong><\/p>\n<p>        Publi\u00e9 le<\/p>\n<p>            27 juil. 2025 \u00e0 12h32        <\/p>\n<p>L\u2019association \u00ab\u2009Aux Arbres citoyens\u2009!\u2009\u00bb a d\u00e9cid\u00e9 de ne pas baisser les bras. Mardi 29\u00a0juillet 2025 \u00e0 19h, un nouveau <strong>rassemblement<\/strong> est pr\u00e9vu au parc Palmer de <a href=\"https:\/\/actu.fr\/nouvelle-aquitaine\/cenon_33119\" target=\"_blank\" rel=\"noopener\">Cenon<\/a> (Gironde) pour protester contre un <a href=\"https:\/\/actu.fr\/nouvelle-aquitaine\/cenon_33119\/un-projet-de-parc-d-aventure-dans-ce-poumon-vert-pres-de-bordeaux-provoque-la-colere-des-riverains_62886845.html\" target=\"_blank\" rel=\"noopener\">projet d\u2019accrobranche<\/a> sur le site.<\/p>\n<p>    <img   decoding=\"async\" loading=\"lazy\" src=\"https:\/\/www.europesays.com\/fr\/wp-content\/uploads\/2025\/07\/photo-2-3-960x640.jpeg\" alt=\"La r\u00e9organisation du parc Palmer de Cenon apr\u00e8s les divers travaux r\u00e9alis\u00e9s. \" width=\"960\" height=\"640\"\/><br \/>\n    La r\u00e9organisation du parc Palmer de Cenon apr\u00e8s les divers travaux r\u00e9alis\u00e9s. (\u00a9Julian Doubax)<\/p>\n<p class=\" wall-content\">Le 10\u00a0juillet dernier, les membres du collectif avaient rencontr\u00e9 Jean-Fran\u00e7ois Egron, maire de la commune, pour \u00e9changer sur ce projet qui pourrait \u00ab\u2009d\u00e9ranger l\u2019\u00e9cosyst\u00e8me du lieu\u2009\u00bb d\u2019apr\u00e8s Agn\u00e8s Doherty, co-pr\u00e9sidente de l\u2019association. Malgr\u00e9 cette entrevue, <strong>aucun terrain d\u2019entente<\/strong> n\u2019a \u00e9t\u00e9 trouv\u00e9 entre les deux camps.<\/p>\n<p>Une p\u00e9tition d\u00e9passant les 1\u2009000 signatures<\/p>\n<p class=\" wall-content\">Pour rappel, ce projet d\u2019accrobranche devrait s\u2019\u00e9tendre sur plus de<strong> 1,6 hectare<\/strong> du parc Palmer, pris\u00e9 pour son calme et sa vue par les Girondins. Une <a href=\"https:\/\/www.change.org\/p\/accrobranche-non-%C3%A0-la-privatisation-du-parc-palmer-%C3%A0-cenon\" target=\"_blank\" rel=\"noopener\">p\u00e9tition<\/a> lanc\u00e9e en ligne contre la cr\u00e9ation de ce parc d\u2019aventure vient de d\u00e9passer les <strong>1\u2009200 signatures.<\/strong><\/p>\n<p class=\" wall-content\">Malgr\u00e9 l\u2019entretien du 10\u00a0juillet, le report des travaux n\u2019a pas \u00e9t\u00e9 obtenu par l\u2019association. Ils devraient d\u00e9buter \u00e0 la<strong> mi-ao\u00fbt<\/strong> avec une ouverture des 12 parcours d\u2019accrobranche \u00e0 la mi-septembre. Un d\u00e9lai rapide mais les opposants continuent de faire <strong>entendre leur voix.<\/strong><\/p>\n<p class=\" wall-content\">Suivez toute l\u2019actualit\u00e9 de vos villes et m\u00e9dias favoris en vous inscrivant \u00e0 <a href=\"https:\/\/moncompte.actu.fr\" title=\"D\u00e9couvez Mon Actu\" rel=\"nofollow noopener\" data-trk=\"{&quot;cta&quot;:{&quot;action&quot;:&quot;https:\\\/\\\/moncompte.actu.fr&quot;,&quot;category&quot;:&quot;mon compte&quot;,&quot;from&quot;:&quot;article footer&quot;,&quot;name&quot;:&quot;Mon actu&quot;,&quot;type&quot;:&quot;cta&quot;}}\" target=\"_blank\">Mon Actu<\/a>.<\/p>\n","protected":false},"excerpt":{"rendered":"Par Julian Doubax Publi\u00e9 le 27 juil. 2025 \u00e0 12h32 L\u2019association \u00ab\u2009Aux Arbres citoyens\u2009!\u2009\u00bb a d\u00e9cid\u00e9 de ne&hellip;\n","protected":false},"author":2,"featured_media":277226,"comment_status":"","ping_status":"","sticky":false,"template":"","format":"standard","meta":{"footnotes":""},"categories":[2817],"tags":[1111,11,1997,1777,674,1011,27,12,2219,52,25],"class_list":{"0":"post-277225","1":"post","2":"type-post","3":"status-publish","4":"format-standard","5":"has-post-thumbnail","7":"category-bordeaux","8":"tag-actu","9":"tag-actualites","10":"tag-bordeaux","11":"tag-eu","12":"tag-europe","13":"tag-fr","14":"tag-france","15":"tag-news","16":"tag-nouvelle-aquitaine","17":"tag-planete","18":"tag-republique-francaise"},"share_on_mastodon":{"url":"https:\/\/pubeurope.com\/@fr\/114924808317165546","error":""},"_links":{"self":[{"href":"https:\/\/www.europesays.com\/fr\/wp-json\/wp\/v2\/posts\/277225","targetHints":{"allow":["GET"]}}],"collection":[{"href":"https:\/\/www.europesays.com\/fr\/wp-json\/wp\/v2\/posts"}],"about":[{"href":"https:\/\/www.europesays.com\/fr\/wp-json\/wp\/v2\/types\/post"}],"author":[{"embeddable":true,"href":"https:\/\/www.europesays.com\/fr\/wp-json\/wp\/v2\/users\/2"}],"replies":[{"embeddable":true,"href":"https:\/\/www.europesays.com\/fr\/wp-json\/wp\/v2\/comments?post=277225"}],"version-history":[{"count":0,"href":"https:\/\/www.europesays.com\/fr\/wp-json\/wp\/v2\/posts\/277225\/revisions"}],"wp:featuredmedia":[{"embeddable":true,"href":"https:\/\/www.europesays.com\/fr\/wp-json\/wp\/v2\/media\/277226"}],"wp:attachment":[{"href":"https:\/\/www.europesays.com\/fr\/wp-json\/wp\/v2\/media?parent=277225"}],"wp:term":[{"taxonomy":"category","embeddable":true,"href":"https:\/\/www.europesays.com\/fr\/wp-json\/wp\/v2\/categories?post=277225"},{"taxonomy":"post_tag","embeddable":true,"href":"https:\/\/www.europesays.com\/fr\/wp-json\/wp\/v2\/tags?post=277225"}],"curies":[{"name":"wp","href":"https:\/\/api.w.org\/{rel}","templated":true}]}}