{"id":277231,"date":"2025-07-27T10:51:16","date_gmt":"2025-07-27T10:51:16","guid":{"rendered":"https:\/\/www.europesays.com\/fr\/277231\/"},"modified":"2025-07-27T10:51:16","modified_gmt":"2025-07-27T10:51:16","slug":"une-fillette-de-8-ans-heliportee-a-toulouse","status":"publish","type":"post","link":"https:\/\/www.europesays.com\/fr\/277231\/","title":{"rendered":"une fillette de 8 ans h\u00e9liport\u00e9e \u00e0 Toulouse"},"content":{"rendered":"<p>            Par<br \/>\n        <strong><br \/>\n            <a href=\"https:\/\/actu.fr\/auteur\/guillaume-laurens\" title=\"Consulter tous les articles de Guillaume Laurens\" rel=\"nofollow noopener\" target=\"_blank\">Guillaume Laurens<\/a><br \/>\n        <\/strong><\/p>\n<p>        Publi\u00e9 le<\/p>\n<p>            27 juil. 2025 \u00e0 11h34        <\/p>\n<p>Un <strong>violent accident<\/strong> est survenu samedi 26\u00a0juillet 2025, en toute fin de journ\u00e9e, sur la commune de <a href=\"https:\/\/actu.fr\/occitanie\/gaillac_81099\" rel=\"nofollow noopener\" target=\"_blank\"><strong>Gaillac<\/strong> <\/a>(Tarn), entre Albi et Toulouse. <strong>Sept victimes<\/strong>, parmi lesquelles <strong>trois enfants<\/strong>, ont d\u00fb \u00eatre prises en charge par les sapeurs-pompiers. Une <strong>fillette<\/strong> de<strong> 8\u00a0ans<\/strong> a \u00e9t\u00e9 gri\u00e8vement bless\u00e9e.<\/p>\n<p>Un choc frontal pr\u00e8s d\u2019un passage \u00e0 niveau<\/p>\n<p class=\" wall-content\">Il \u00e9tait environ 18h30, ce samedi, quand <strong>deux voitures<\/strong> sont entr\u00e9es en collision au niveau du chemin de Toulze, \u00e0 Gaillac. Un \u00ab\u2009accident \u00e0 forte cin\u00e9tique\u2009\u00bb selon le SDIS du Tarn, qui \u00e9voque \u00ab\u2009un <strong>choc frontal<\/strong> \u00e0 proximit\u00e9 d\u2019un passage \u00e0 niveau\u2009\u00bb.<\/p>\n<p>Un couple de retrait\u00e9s l\u00e9g\u00e8rement bless\u00e9s<\/p>\n<p class=\" wall-content\">Dans l\u2019un des v\u00e9hicules se trouvait un <strong>couple de retrait\u00e9s<\/strong>\u2009: le conducteur et sa passag\u00e8re, tous deux \u00e2g\u00e9s de <strong>80\u00a0ans,<\/strong> ont \u00e9t\u00e9 l\u00e9g\u00e8rement bless\u00e9s et transport\u00e9s au Centre hospitalier d\u2019Albi.<\/p>\n<p>Quatre bless\u00e9s l\u00e9gers, une fillette gri\u00e8vement touch\u00e9e<\/p>\n<p class=\" wall-content\">Une <strong>famille de cinq personnes<\/strong> (trois enfants, accompagn\u00e9s de leurs parents) \u00e9tait \u00e0 bord de l\u2019autre voiture. Les deux <strong>gar\u00e7ons<\/strong> de <strong>cinq et six ans<\/strong> ont \u00e9t\u00e9 l\u00e9g\u00e8rement bless\u00e9s, tout comme leurs parents. Ils ont tous les quatre \u00e9t\u00e9 \u00e9vacu\u00e9s vers l\u2019H\u00f4pital Purpan \u00e0 Toulouse, en urgence relative.<\/p>\n<p class=\" wall-content\">La situation est bien plus pr\u00e9occupante pour <strong>la fillette de huit ans.<\/strong> Gri\u00e8vement bless\u00e9e dans le choc, elle a d\u00fb \u00eatre <strong>h\u00e9liport\u00e9e par le SAMU 31<\/strong> vers <a href=\"https:\/\/actu.fr\/occitanie\/toulouse_31555\/toulouse-comment-le-chu-va-construire-l-un-des-plus-grands-hopitaux-pediatriques-d-europe_61598930.html\" rel=\"nofollow noopener\" target=\"_blank\">l\u2019H\u00f4pital des enfants.<\/a> Inconsciente \u00e0 l\u2019arriv\u00e9e des secours, elle avait repris connaissance au moment de son \u00e9vacuation, pr\u00e9cisent les gendarmes.<\/p>\n<p>Vid\u00e9os : en ce moment sur ActuLes octog\u00e9naires auraient grill\u00e9 la priorit\u00e9 \u00e0 un \u00ab\u2009stop\u2009\u00bb<\/p>\n<p class=\" wall-content\">Que s\u2019est-il pass\u00e9, ce samedi soir, \u00e0 Gaillac\u2009? Sous l\u2019autorit\u00e9 du parquet d\u2019Albi, la gendarmerie a ouvert une enqu\u00eate, diligent\u00e9e par la brigade de Gaillac, afin d\u2019\u00e9tablir les responsabilit\u00e9s.<\/p>\n<p class=\" wall-content\">Selon les premiers \u00e9l\u00e9ments, le v\u00e9hicule \u00e0 bord duquel se trouvait la famille circulait en provenance d\u2019Albi quand il s\u2019est fait violemment percuter, juste apr\u00e8s avoir franchi le passage \u00e0 niveau, par le v\u00e9hicule des octog\u00e9naires, qui arrivait sur sa droite et aurait <strong>refus\u00e9 la priorit\u00e9<\/strong> au niveau d\u2019un \u00ab\u2009stop\u2009\u00bb.<\/p>\n<p class=\" wall-content\">La circulation a \u00e9t\u00e9 totalement coup\u00e9e le temps de l\u2019intervention et le trafic ferroviaire interrompu pendant une dizaine de minutes, par pr\u00e9caution.<\/p>\n<p>    <a href=\"https:\/\/www.google.com\/maps\/embed?pb=!1m18!1m12!1m3!1d343459.9326807733!2d1.5742526533338188!3d43.83004744574548!2m3!1f0!2f0!3f0!3m2!1i1024!2i768!4f13.1!3m3!1m2!1s0x12add21051c25e25%3A0x7be3a15b801030e1!2sChem.%20Toulze%2C%2081600%20Gaillac!5e0!3m2!1sfr!2sfr!4v1753605994583!5m2!1sfr!2sfr\" title=\"Ouvrie le lien\" rel=\"nofollow noopener\" target=\"_blank\">Cliquez ici pour visualiser le contenu<\/a><\/p>\n<p class=\" wall-content\">Suivez toute l\u2019actualit\u00e9 de vos villes et m\u00e9dias favoris en vous inscrivant \u00e0 <a href=\"https:\/\/moncompte.actu.fr\" title=\"D\u00e9couvez Mon Actu\" rel=\"nofollow noopener\" data-trk=\"{&quot;cta&quot;:{&quot;action&quot;:&quot;https:\\\/\\\/moncompte.actu.fr&quot;,&quot;category&quot;:&quot;mon compte&quot;,&quot;from&quot;:&quot;article footer&quot;,&quot;name&quot;:&quot;Mon actu&quot;,&quot;type&quot;:&quot;cta&quot;}}\" target=\"_blank\">Mon Actu<\/a>.<\/p>\n","protected":false},"excerpt":{"rendered":"Par Guillaume Laurens Publi\u00e9 le 27 juil. 2025 \u00e0 11h34 Un violent accident est survenu samedi 26\u00a0juillet 2025,&hellip;\n","protected":false},"author":2,"featured_media":277232,"comment_status":"","ping_status":"","sticky":false,"template":"","format":"standard","meta":{"footnotes":""},"categories":[2816],"tags":[119,1111,11,1777,674,118,1011,27,12,2680,1311,25,2312],"class_list":{"0":"post-277231","1":"post","2":"type-post","3":"status-publish","4":"format-standard","5":"has-post-thumbnail","7":"category-toulouse","8":"tag-accident","9":"tag-actu","10":"tag-actualites","11":"tag-eu","12":"tag-europe","13":"tag-faits-divers","14":"tag-fr","15":"tag-france","16":"tag-news","17":"tag-occitanie","18":"tag-pompiers","19":"tag-republique-francaise","20":"tag-toulouse"},"share_on_mastodon":{"url":"https:\/\/pubeurope.com\/@fr\/114924819715108430","error":""},"_links":{"self":[{"href":"https:\/\/www.europesays.com\/fr\/wp-json\/wp\/v2\/posts\/277231","targetHints":{"allow":["GET"]}}],"collection":[{"href":"https:\/\/www.europesays.com\/fr\/wp-json\/wp\/v2\/posts"}],"about":[{"href":"https:\/\/www.europesays.com\/fr\/wp-json\/wp\/v2\/types\/post"}],"author":[{"embeddable":true,"href":"https:\/\/www.europesays.com\/fr\/wp-json\/wp\/v2\/users\/2"}],"replies":[{"embeddable":true,"href":"https:\/\/www.europesays.com\/fr\/wp-json\/wp\/v2\/comments?post=277231"}],"version-history":[{"count":0,"href":"https:\/\/www.europesays.com\/fr\/wp-json\/wp\/v2\/posts\/277231\/revisions"}],"wp:featuredmedia":[{"embeddable":true,"href":"https:\/\/www.europesays.com\/fr\/wp-json\/wp\/v2\/media\/277232"}],"wp:attachment":[{"href":"https:\/\/www.europesays.com\/fr\/wp-json\/wp\/v2\/media?parent=277231"}],"wp:term":[{"taxonomy":"category","embeddable":true,"href":"https:\/\/www.europesays.com\/fr\/wp-json\/wp\/v2\/categories?post=277231"},{"taxonomy":"post_tag","embeddable":true,"href":"https:\/\/www.europesays.com\/fr\/wp-json\/wp\/v2\/tags?post=277231"}],"curies":[{"name":"wp","href":"https:\/\/api.w.org\/{rel}","templated":true}]}}