{"id":277234,"date":"2025-07-27T10:55:12","date_gmt":"2025-07-27T10:55:12","guid":{"rendered":"https:\/\/www.europesays.com\/fr\/277234\/"},"modified":"2025-07-27T10:55:12","modified_gmt":"2025-07-27T10:55:12","slug":"marseille-cette-restauratrice-passe-a-la-television-pour-raconter-ses-galeres-envie-de-jeter-leponge","status":"publish","type":"post","link":"https:\/\/www.europesays.com\/fr\/277234\/","title":{"rendered":"Marseille. Cette restauratrice passe \u00e0 la t\u00e9l\u00e9vision pour raconter ses gal\u00e8res : \u00ab\u00a0Envie de jeter l&rsquo;\u00e9ponge\u00a0\u00bb"},"content":{"rendered":"<p>            Par<br \/>\n        <strong><br \/>\n            <a href=\"https:\/\/actu.fr\/auteur\/thomas-blanc\" title=\"Consulter tous les articles de Thomas Blanc\" rel=\"nofollow noopener\" target=\"_blank\">Thomas Blanc<\/a><br \/>\n        <\/strong><\/p>\n<p>        Publi\u00e9 le<\/p>\n<p>            27 juil. 2025 \u00e0 8h14        <\/p>\n<p>Elle \u00e9tait le sujet d\u2019un <a href=\"https:\/\/www.france.tv\/france-2\/13h15-le-dimanche\/7316639-l-assiette-francaise.html\" rel=\"nofollow noopener\" target=\"_blank\">documentaire diffus\u00e9 sur France 2<\/a> ce dimanche 20\u00a0juillet 2025, la cheffe du restaurant <a href=\"https:\/\/www.instagram.com\/lafemmeduboucher\/?hl=fr\" rel=\"nofollow noopener\" target=\"_blank\">La Femme du boucher<\/a> (<a href=\"https:\/\/actu.fr\/marseille\/\" rel=\"nofollow noopener\" target=\"_blank\">Marseille<\/a>, 6e), La\u00ebtitia Visse, fait face aux <strong>difficult\u00e9s<\/strong> de son <a href=\"https:\/\/actu.fr\/tag\/restaurant\" rel=\"nofollow noopener\" target=\"_blank\">restaurant<\/a> depuis plusieurs ann\u00e9es. Elle a partag\u00e9 <strong>ses doutes<\/strong>, communs \u00e0 de nombreux restaurateurs, \u00e0 actu Marseille sur sa volont\u00e9 de poursuivre son activit\u00e9 tant \u00ab\u2009les creux sont difficiles \u00e0 g\u00e9rer\u2009\u00bb.<\/p>\n<p>    <a href=\"https:\/\/www.google.com\/maps\/embed?pb=!1m18!1m12!1m3!1d2904.261989967414!2d5.380759876615869!3d43.287833075984324!2m3!1f0!2f0!3f0!3m2!1i1024!2i768!4f13.1!3m3!1m2!1s0x12c9c0b029757b33%3A0x66e17de3b471a41f!2sRestaurant%20La%20Femme%20Du%20Boucher!5e0!3m2!1sfr!2sfr!4v1753454444525!5m2!1sfr!2sfr\" title=\"Ouvrie le lien\" rel=\"nofollow noopener\" target=\"_blank\">Cliquez ici pour visualiser le contenu<\/a><\/p>\n<p>Une activit\u00e9 impr\u00e9visible<\/p>\n<p class=\" wall-content\">La\u00ebtitia Visse chapote un restaurant o\u00f9 la <strong>viande<\/strong> est reine (mais o\u00f9 tout le monde reste le bienvenu) employant cinq personnes et ouvert depuis ao\u00fbt\u00a02020. Avant cette aventure, elle \u00e9tait cheffe \u00e0 Paris et au restaurant La Rel\u00e8ve \u00e0 Marseille.<\/p>\n<p class=\" wall-content\">Depuis le d\u00e9but, elle fait face \u00e0 des difficult\u00e9s qui mettent ses nerfs \u00e0 rude \u00e9preuve. \u00ab\u2009<strong>Les difficult\u00e9s sont cycliques<\/strong>, elles reviennent environ tous les deux ans\u2009\u00bb, raconte la cheffe Visse. \u00ab\u2009En r\u00e9alit\u00e9, tout nous impacte\u2009: une longue p\u00e9riode de travaux, des mouvements sociaux (qui) peuvent compl\u00e8tement nous emp\u00eacher de travailler\u2009\u00bb, poursuit-elle.<\/p>\n<p class=\" wall-content\"><a href=\"https:\/\/www.instagram.com\/p\/DL-YVHsMSsq\/embed\" title=\"Ouvrir le lien sur Instagram\" rel=\"nofollow noopener\" target=\"_blank\">Visualiser le contenu sur Instagram<\/a><\/p>\n<p class=\" wall-content\"><strong>L\u2019impr\u00e9visibilit\u00e9 de l\u2019activit\u00e9<\/strong> rend les choses difficiles \u00e0 anticiper. \u00ab\u2009Ce qui est vraiment dur, c\u2019est de ne pas savoir la veille pour le lendemain le nombre de couverts approximatif que l\u2019on va faire. <strong>Les jours se suivent et ne se ressemblent vraiment pas<\/strong>.\u2009\u00bb Un constat qui lui donne souvent \u00ab\u2009l\u2019envie de jeter l\u2019\u00e9ponge.\u2009\u00bb<\/p>\n<p>L\u2019inflation et l\u2019attitude des clients<\/p>\n<p class=\" wall-content\">Une autre raison qui lui fait se \u00ab\u2009demander si [elle a] envie de se battre pour \u00e7a\u2009\u00bb, c\u2019est <strong>l\u2019attitude<\/strong> de certains clients. \u00ab\u2009Malheureusement les mauvais se font plus remarquer\u2009\u00bb, t\u00e9moigne-t-elle.<\/p>\n<p class=\" wall-content\">Et <strong>l\u2019inflation<\/strong>, en plus de rendre la tenue d\u2019un commerce encore plus compliqu\u00e9e fait \u00e9galement ressortir ces comportements. \u00ab\u2009Aujourd\u2019hui, <strong>tout est devenu plus cher<\/strong>. C\u2019est entr\u00e9 dans les m\u0153urs que le panier moyen au supermarch\u00e9 a augment\u00e9es. En revanche, pour le restaurant, pas du tout, alors que nous aussi, nos frais augmentent.\u2009\u00bb<\/p>\n<p class=\" wall-content\">Le <a href=\"https:\/\/actu.fr\/tag\/inflation\" rel=\"nofollow noopener\" target=\"_blank\">gonflement des prix<\/a> entra\u00eene plus facilement les remarques d\u00e9sobligeantes et les mauvais commentaires peu constructifs.<\/p>\n<blockquote class=\"ac-article-quote wall-content\">\n<p>Si c&rsquo;est pour se faire traiter de voleuse alors que je donne corps et \u00e2me pour proposer de la qualit\u00e9, le jeu en vaut-il vraiment la chandelle ?<\/p>\n<p>    <strong>Laetitia Visse<\/strong><br \/>\n        Cheffe du restaurant La Femme du Boucher    <\/p><\/blockquote>\n<p>Le r\u00f4le des r\u00e9seaux sociaux<\/p>\n<p class=\" wall-content\">Mais, faire de la bonne cuisine ne suffit plus pour attirer les clients, il y a l\u2019influence des <strong>m\u00e9dias<\/strong>. \u00ab\u2009Les clients nous le disent, ils ne viennent plus deux fois dans le m\u00eame restaurant. Ils font le tour des recommandations qu\u2019ils voient sur <a href=\"https:\/\/actu.fr\/tag\/reseaux-sociaux\" rel=\"nofollow noopener\" target=\"_blank\">les r\u00e9seaux sociaux<\/a>. Nos commerces sont donc soumis \u00e0 l\u2019influence des m\u00e9dias. Il faut donc que l\u2019on y soit tr\u00e8s pr\u00e9sent\u2009\u00bb, d\u2019apr\u00e8s la cheffe marseillaise. Une t\u00e2che difficile et par ailleurs al\u00e9atoire.<\/p>\n<p class=\" wall-content\">Quand les m\u00e9dias se montrent, <strong>l\u2019activit\u00e9 repart<\/strong>. \u00ab\u2009Un appel \u00e0 l\u2019aide m\u00e9diatique, comme le documentaire sur France 2, a un effet imm\u00e9diat, je fais une salle pleine pendant six mois et cela noie les mauvais clients dans la masse.\u2009\u00bb<\/p>\n<p class=\" wall-content\">Elle peut aussi compter sur les autres professionnels du secteur, \u00ab\u2009d\u2019autres commer\u00e7ants viennent nous voir quand on fait savoir que \u00e7a va mal, car ils se reconnaissent dans le discours. C\u2019est toujours chouette de voir qu\u2019il y a une vague de <strong>solidarit\u00e9<\/strong>\u2009\u00bb, raconte-t-elle, joyeuse.<\/p>\n<p>Un nouvel \u00e9pisode ce dimanche<\/p>\n<p class=\" wall-content\">La restauratrice mise sur <a href=\"https:\/\/actu.fr\/provence-alpes-cote-d-azur\/marseille_13055\/une-belle-image-de-marseille-la-nouvelle-place-castellane-fait-presque-l-unanimite_62770575.html\" rel=\"nofollow noopener\" target=\"_blank\">le r\u00e9am\u00e9nagement de la place Castellane<\/a> dont les travaux ont pu impacter la fr\u00e9quentation de La Femme du Boucher. \u00ab\u2009Je suis s\u00fbr que Castellane va se dynamiser dans les ann\u00e9es \u00e0 venir et que cela va impacter mon commerce. On en parlait jusqu\u2019\u00e0 maintenant comme d\u2019un quartier moyen et les fermetures se multipliaient. <strong>Je pense que cela va changer<\/strong>.\u2009\u00bb<\/p>\n<p class=\" wall-content\">Le documentaire pass\u00e9 dimanche 20\u00a0juillet a une suite, o\u00f9 figure aussi La\u00ebtitia Visse d\u00e8s ce week-end. Un nouvel \u00e9pisode \u00ab\u2009plus joyeux\u2009\u00bb o\u00f9 la cheffe passe un concours avec une apprentie est programm\u00e9 pour ce dimanche\u00a027.<\/p>\n<p class=\" wall-content\">\u00ab\u2009Dans cet \u00e9pisode on montre plus ce qui nous fait tenir, c\u2019est le plaisir d\u2019\u00e9changer et de c\u00f4toyer d\u2019autres restaurateurs. On s\u2019y sent moins seuls que dans nos restos \u00e0 regarder les factures\u2009\u00bb, conclut-elle.<\/p>\n<p>La Femme du boucher se trouve au 10 rue de Village \u00e0 Marseille 6e, 04\u200991\u200948\u200979\u200965.<\/p>\n<p class=\" wall-content\">Suivez toute l\u2019actualit\u00e9 de vos villes et m\u00e9dias favoris en vous inscrivant \u00e0 <a href=\"https:\/\/moncompte.actu.fr\" title=\"D\u00e9couvez Mon Actu\" rel=\"nofollow noopener\" data-trk=\"{&quot;cta&quot;:{&quot;action&quot;:&quot;https:\\\/\\\/moncompte.actu.fr&quot;,&quot;category&quot;:&quot;mon compte&quot;,&quot;from&quot;:&quot;article footer&quot;,&quot;name&quot;:&quot;Mon actu&quot;,&quot;type&quot;:&quot;cta&quot;}}\" target=\"_blank\">Mon Actu<\/a>.<\/p>\n<p>                    <script async src=\"\/\/www.instagram.com\/embed.js\"><\/script><\/p>\n","protected":false},"excerpt":{"rendered":"Par Thomas Blanc Publi\u00e9 le 27 juil. 2025 \u00e0 8h14 Elle \u00e9tait le sujet d\u2019un documentaire diffus\u00e9 sur&hellip;\n","protected":false},"author":2,"featured_media":277235,"comment_status":"","ping_status":"","sticky":false,"template":"","format":"standard","meta":{"footnotes":""},"categories":[2814],"tags":[1111,11,215,33,1777,674,1011,27,884,12,882,25,1340],"class_list":{"0":"post-277234","1":"post","2":"type-post","3":"status-publish","4":"format-standard","5":"has-post-thumbnail","7":"category-marseille","8":"tag-actu","9":"tag-actualites","10":"tag-commerce","11":"tag-economie","12":"tag-eu","13":"tag-europe","14":"tag-fr","15":"tag-france","16":"tag-marseille","17":"tag-news","18":"tag-provence-alpes-cote-dazur","19":"tag-republique-francaise","20":"tag-restaurant"},"share_on_mastodon":{"url":"https:\/\/pubeurope.com\/@fr\/114924836658634696","error":""},"_links":{"self":[{"href":"https:\/\/www.europesays.com\/fr\/wp-json\/wp\/v2\/posts\/277234","targetHints":{"allow":["GET"]}}],"collection":[{"href":"https:\/\/www.europesays.com\/fr\/wp-json\/wp\/v2\/posts"}],"about":[{"href":"https:\/\/www.europesays.com\/fr\/wp-json\/wp\/v2\/types\/post"}],"author":[{"embeddable":true,"href":"https:\/\/www.europesays.com\/fr\/wp-json\/wp\/v2\/users\/2"}],"replies":[{"embeddable":true,"href":"https:\/\/www.europesays.com\/fr\/wp-json\/wp\/v2\/comments?post=277234"}],"version-history":[{"count":0,"href":"https:\/\/www.europesays.com\/fr\/wp-json\/wp\/v2\/posts\/277234\/revisions"}],"wp:featuredmedia":[{"embeddable":true,"href":"https:\/\/www.europesays.com\/fr\/wp-json\/wp\/v2\/media\/277235"}],"wp:attachment":[{"href":"https:\/\/www.europesays.com\/fr\/wp-json\/wp\/v2\/media?parent=277234"}],"wp:term":[{"taxonomy":"category","embeddable":true,"href":"https:\/\/www.europesays.com\/fr\/wp-json\/wp\/v2\/categories?post=277234"},{"taxonomy":"post_tag","embeddable":true,"href":"https:\/\/www.europesays.com\/fr\/wp-json\/wp\/v2\/tags?post=277234"}],"curies":[{"name":"wp","href":"https:\/\/api.w.org\/{rel}","templated":true}]}}