{"id":277236,"date":"2025-07-27T10:56:09","date_gmt":"2025-07-27T10:56:09","guid":{"rendered":"https:\/\/www.europesays.com\/fr\/277236\/"},"modified":"2025-07-27T10:56:09","modified_gmt":"2025-07-27T10:56:09","slug":"deux-hommes-arretes-apres-une-serie-de-braquages-de-chauffeurs-vtc","status":"publish","type":"post","link":"https:\/\/www.europesays.com\/fr\/277236\/","title":{"rendered":"deux hommes arr\u00eat\u00e9s apr\u00e8s une s\u00e9rie de braquages de chauffeurs VTC"},"content":{"rendered":"<p>Depuis le Covid,<a href=\"https:\/\/www.laprovence.com\/article\/faits-divers-justice\/1089280669712815\/comment-le-narcobanditisme-marseillais-a-encore-mute-en-2024\" target=\"_blank\" rel=\"nofollow noopener\"> le crime organis\u00e9 s&rsquo;est largement appropri\u00e9 les outils de l&rsquo;\u00e9conomie num\u00e9rique<\/a> &#8211; qu&rsquo;il s&rsquo;agisse de faire appel \u00e0 un chauffeur Uber pour se faire d\u00e9poser devant le domicile d&rsquo;une cible \u00e0 intimider, ou de louer une villa sur AirBnb afin de se mettre au vert ou cacher le stock de drogue. Mais \u00e0 d\u00e9faut d&rsquo;\u00eatre vraiment organis\u00e9s, ces deux malfaiteurs avaient trouv\u00e9 une autre id\u00e9e. Ils utilisaient les chauffeurs VTC comme des tirelires.<\/p>\n","protected":false},"excerpt":{"rendered":"Depuis le Covid, le crime organis\u00e9 s&rsquo;est largement appropri\u00e9 les outils de l&rsquo;\u00e9conomie num\u00e9rique &#8211; qu&rsquo;il s&rsquo;agisse de&hellip;\n","protected":false},"author":2,"featured_media":277237,"comment_status":"","ping_status":"","sticky":false,"template":"","format":"standard","meta":{"footnotes":""},"categories":[2814],"tags":[17,1111,11,150,17683,4070,1777,674,274,1011,27,1101,884,12,882,25,521,96],"class_list":{"0":"post-277236","1":"post","2":"type-post","3":"status-publish","4":"format-standard","5":"has-post-thumbnail","7":"category-marseille","8":"tag-17","9":"tag-actu","10":"tag-actualites","11":"tag-apres","12":"tag-arretes","13":"tag-deux","14":"tag-eu","15":"tag-europe","16":"tag-faits-divers-justice","17":"tag-fr","18":"tag-france","19":"tag-hommes","20":"tag-marseille","21":"tag-news","22":"tag-provence-alpes-cote-dazur","23":"tag-republique-francaise","24":"tag-serie","25":"tag-une"},"share_on_mastodon":{"url":"https:\/\/pubeurope.com\/@fr\/114924839433804377","error":""},"_links":{"self":[{"href":"https:\/\/www.europesays.com\/fr\/wp-json\/wp\/v2\/posts\/277236","targetHints":{"allow":["GET"]}}],"collection":[{"href":"https:\/\/www.europesays.com\/fr\/wp-json\/wp\/v2\/posts"}],"about":[{"href":"https:\/\/www.europesays.com\/fr\/wp-json\/wp\/v2\/types\/post"}],"author":[{"embeddable":true,"href":"https:\/\/www.europesays.com\/fr\/wp-json\/wp\/v2\/users\/2"}],"replies":[{"embeddable":true,"href":"https:\/\/www.europesays.com\/fr\/wp-json\/wp\/v2\/comments?post=277236"}],"version-history":[{"count":0,"href":"https:\/\/www.europesays.com\/fr\/wp-json\/wp\/v2\/posts\/277236\/revisions"}],"wp:featuredmedia":[{"embeddable":true,"href":"https:\/\/www.europesays.com\/fr\/wp-json\/wp\/v2\/media\/277237"}],"wp:attachment":[{"href":"https:\/\/www.europesays.com\/fr\/wp-json\/wp\/v2\/media?parent=277236"}],"wp:term":[{"taxonomy":"category","embeddable":true,"href":"https:\/\/www.europesays.com\/fr\/wp-json\/wp\/v2\/categories?post=277236"},{"taxonomy":"post_tag","embeddable":true,"href":"https:\/\/www.europesays.com\/fr\/wp-json\/wp\/v2\/tags?post=277236"}],"curies":[{"name":"wp","href":"https:\/\/api.w.org\/{rel}","templated":true}]}}