{"id":277248,"date":"2025-07-27T11:06:18","date_gmt":"2025-07-27T11:06:18","guid":{"rendered":"https:\/\/www.europesays.com\/fr\/277248\/"},"modified":"2025-07-27T11:06:18","modified_gmt":"2025-07-27T11:06:18","slug":"trois-ans-denfer-en-russie-un-soldat-ukrainien-raconte-lhorreur-de-sa-captivite-rts-ch","status":"publish","type":"post","link":"https:\/\/www.europesays.com\/fr\/277248\/","title":{"rendered":"Trois ans d&rsquo;enfer en Russie: un soldat ukrainien raconte l&rsquo;horreur de sa captivit\u00e9 &#8211; rts.ch"},"content":{"rendered":"<p>Yevhen, un soldat ukrainien, a b\u00e9n\u00e9fici\u00e9 d&rsquo;un des \u00e9changes r\u00e9cents de prisonniers de guerre entre Kiev et Moscou. Il est aujourd&rsquo;hui de retour en Ukraine apr\u00e8s trois ans de captivit\u00e9 en Russie. Il t\u00e9moigne de sa longue d\u00e9tention au micro de la t\u00e9l\u00e9vision publique al\u00e9manique SRF.<\/p>\n<p>Yevhen a combattu lors de la bataille de Marioupol, dans l&rsquo;est de l&rsquo;Ukraine, au d\u00e9but de la guerre. A l&rsquo;\u00e9poque, les Russes avaient fini par encercler la ville, dans le but de s&rsquo;en emparer. Il y a subi de graves blessures \u00e0 une jambe. Et en mai 2022, les d\u00e9fenseurs ukrainiens ont \u00e9t\u00e9 contraints de se rendre.<\/p>\n<p>Contenu externe<\/p>\n<p> Ce contenu externe ne peut pas \u00eatre affich\u00e9 car il est susceptible de collecter des donn\u00e9es personnelles. Pour voir ce contenu vous devez autoriser la cat\u00e9gorie <strong>Services Tiers<\/strong>. <\/p>\n<p> Accepter Plus d&rsquo;info <\/p>\n<p>    Une captivit\u00e9 entre tortures et interrogatoires<\/p>\n<p>Au micro de SRF, Yevhen raconte son calvaire: \u00ab\u00a0On nous avait promis que nous serions lib\u00e9r\u00e9s au bout de trois ou quatre mois. Quatre mois se sont transform\u00e9s en trois ans.\u00a0\u00bb D\u00e8s leur capture, les Russes ont imm\u00e9diatement commenc\u00e9 \u00e0 \u00ab\u00a0interroger\u00a0\u00bb les prisonniers de guerre.<\/p>\n<blockquote class=\"rts-quote quote\">\n<p class=\"q-text\">Ils m&rsquo;ont pr\u00e9par\u00e9 pendant deux semaines \u00e0 un interrogatoire. Chaque matin et chaque soir, j&rsquo;ai \u00e9t\u00e9 battu.<\/p>\n<p>  Yevhen <\/p><\/blockquote>\n<p>Yevhen s&rsquo;effor\u00e7ait d&rsquo;en r\u00e9v\u00e9ler le moins possible, car \u00ab\u00a0la r\u00e8gle est la suivante: moins on parle, plus on a de chances de survivre.\u00a0\u00bb M\u00eame s&rsquo;il s&rsquo;est pr\u00e9sent\u00e9 comme un simple soldat charg\u00e9 de transmettre des messages, trois ann\u00e9es terribles l&rsquo;attendaient.<\/p>\n<p>Il a notamment \u00e9t\u00e9 tortur\u00e9 avant ses interrogatoires: \u00ab\u00a0Ils m&rsquo;ont violemment frapp\u00e9. Une fois, ils m&rsquo;ont pr\u00e9par\u00e9 pendant deux semaines \u00e0 un interrogatoire. Chaque matin et chaque soir, j&rsquo;ai \u00e9t\u00e9 battu \u2013 mon dos et mes jambes \u00e9taient tout noirs\u00a0\u00bb.<\/p>\n<blockquote class=\"rts-quote quote\">\n<p class=\"q-text\">J&rsquo;ai perdu 26\u00a0kilos.<\/p>\n<p>  Yevhen <\/p><\/blockquote>\n<p>Quelques moments d&rsquo;humanit\u00e9<\/p>\n<p>Il y a n\u00e9anmoins eu des moments d&rsquo;humanit\u00e9. Des gardiens ont fait preuve d&rsquo;indulgence \u00e0 son \u00e9gard, rel\u00e8ve-t-il. En raison de sa blessure \u00e0 la jambe, Yevhen ne pouvait pas bien marcher; certains l&rsquo;ont donc envoy\u00e9 manger en premier pour qu&rsquo;il puisse arriver \u00e0 temps. Il \u00e9tait aussi parfois autoris\u00e9 \u00e0 s&rsquo;appuyer contre les murs.<\/p>\n<p>La nourriture en prison \u00e9tait strictement rationn\u00e9e, explique Yevhen: \u00ab\u00a0Il n&rsquo;y avait pas grand-chose \u00e0 manger, mais au moins c&rsquo;\u00e9tait r\u00e9gulier. Trois fois par jour. J&rsquo;ai perdu 26\u00a0kilos.\u00a0\u00bb<\/p>\n<p>Retour \u00e0 la vie normale, ou presque<\/p>\n<p>Lors de l&rsquo;\u00e9change de prisonniers, il \u00e9tait si heureux qu&rsquo;il a pens\u00e9: \u00ab\u00a0Je suis enfin de retour \u00e0 la maison. J&rsquo;en ai r\u00eav\u00e9 pendant trois ans, et maintenant ce tourment est enfin termin\u00e9.\u00a0\u00bb<\/p>\n<p>Yevhen est actuellement en centre de r\u00e9\u00e9ducation. \u00ab\u00a0Son caract\u00e8re, son \u00e2me, sont rest\u00e9s les m\u00eames. Mais physiquement, il a besoin de se r\u00e9tablir\u00a0\u00bb, explique sa femme. Un lent retour \u00e0 une vie de libert\u00e9. Il souhaite d\u00e9sormais passer du temps avec sa famille et se r\u00e9tablir. Ensuite, dit-il, il retournera au front pour \u00ab\u00a0combattre \u00e0 nouveau les envahisseurs russes\u00a0\u00bb.<\/p>\n<p>Contenu externe<\/p>\n<p> Ce contenu externe ne peut pas \u00eatre affich\u00e9 car il est susceptible de collecter des donn\u00e9es personnelles. Pour voir ce contenu vous devez autoriser la cat\u00e9gorie <strong>Services Tiers<\/strong>. <\/p>\n<p> Accepter Plus d&rsquo;info <\/p>\n<p class=\"sources\">Article original: David Nauer (SRF)<\/p>\n<p class=\"credit\">Adaptation fran\u00e7aise: Julien Furrer (RTS)<\/p>\n","protected":false},"excerpt":{"rendered":"Yevhen, un soldat ukrainien, a b\u00e9n\u00e9fici\u00e9 d&rsquo;un des \u00e9changes r\u00e9cents de prisonniers de guerre entre Kiev et Moscou.&hellip;\n","protected":false},"author":2,"featured_media":277249,"comment_status":"","ping_status":"","sticky":false,"template":"","format":"standard","meta":{"footnotes":""},"categories":[1591],"tags":[11,2120,3576,2951,8617,8616,1887,1146,131,3577,32499,31342,74,12,4293,1885,1886,132,31343,2049,220],"class_list":{"0":"post-277248","1":"post","2":"type-post","3":"status-publish","4":"format-standard","5":"has-post-thumbnail","7":"category-russie","8":"tag-actualites","9":"tag-conflit","10":"tag-conflit-arme","11":"tag-criminalite","12":"tag-dialogue","13":"tag-droit-et-justice","14":"tag-federation-de-russie","15":"tag-guerre","16":"tag-guerre-en-ukraine","17":"tag-guerre-et-paix","18":"tag-interrogatoire","19":"tag-medias-de-masse","20":"tag-monde","21":"tag-news","22":"tag-prisonnier","23":"tag-russia","24":"tag-russian-federation","25":"tag-russie","26":"tag-schweizer-radio-und-fernsehen","27":"tag-soldat","28":"tag-ukraine"},"share_on_mastodon":{"url":"https:\/\/pubeurope.com\/@fr\/114924878881210621","error":""},"_links":{"self":[{"href":"https:\/\/www.europesays.com\/fr\/wp-json\/wp\/v2\/posts\/277248","targetHints":{"allow":["GET"]}}],"collection":[{"href":"https:\/\/www.europesays.com\/fr\/wp-json\/wp\/v2\/posts"}],"about":[{"href":"https:\/\/www.europesays.com\/fr\/wp-json\/wp\/v2\/types\/post"}],"author":[{"embeddable":true,"href":"https:\/\/www.europesays.com\/fr\/wp-json\/wp\/v2\/users\/2"}],"replies":[{"embeddable":true,"href":"https:\/\/www.europesays.com\/fr\/wp-json\/wp\/v2\/comments?post=277248"}],"version-history":[{"count":0,"href":"https:\/\/www.europesays.com\/fr\/wp-json\/wp\/v2\/posts\/277248\/revisions"}],"wp:featuredmedia":[{"embeddable":true,"href":"https:\/\/www.europesays.com\/fr\/wp-json\/wp\/v2\/media\/277249"}],"wp:attachment":[{"href":"https:\/\/www.europesays.com\/fr\/wp-json\/wp\/v2\/media?parent=277248"}],"wp:term":[{"taxonomy":"category","embeddable":true,"href":"https:\/\/www.europesays.com\/fr\/wp-json\/wp\/v2\/categories?post=277248"},{"taxonomy":"post_tag","embeddable":true,"href":"https:\/\/www.europesays.com\/fr\/wp-json\/wp\/v2\/tags?post=277248"}],"curies":[{"name":"wp","href":"https:\/\/api.w.org\/{rel}","templated":true}]}}