{"id":277250,"date":"2025-07-27T11:07:13","date_gmt":"2025-07-27T11:07:13","guid":{"rendered":"https:\/\/www.europesays.com\/fr\/277250\/"},"modified":"2025-07-27T11:07:13","modified_gmt":"2025-07-27T11:07:13","slug":"guerre-en-ukraine-une-grande-parade-navale-russe-annulee-pour-des-raisons-de-securite","status":"publish","type":"post","link":"https:\/\/www.europesays.com\/fr\/277250\/","title":{"rendered":"Guerre en Ukraine: une grande parade navale russe annul\u00e9e pour des \u00ab\u00a0raisons de s\u00e9curit\u00e9\u00a0\u00bb"},"content":{"rendered":"<p class=\"ap-StoryElement ap-StoryElement--mb ap-StoryText\">\u00ab\u00a0Les raisons de s\u00e9curit\u00e9 sont primordiales\u00a0\u00bb,  a insist\u00e9 Dmitri Peskov, cit\u00e9 par les agences de presse russes, expliquant ainsi l&rsquo;annulation de ce d\u00e9fil\u00e9 organis\u00e9 depuis 2017 \u00e0 Saint-P\u00e9tersbourg (nord-ouest), avec la participation de navires de surface et de sous-marins, pour \u00e9taler la puissance navale russe.<\/p>\n<p class=\"ap-StoryElement ap-StoryElement--mb ap-StoryText\">Les autorit\u00e9s locales avaient d\u00e9clar\u00e9 vendredi avoir annul\u00e9 la parade navale et le feu d&rsquo;artifice traditionnel pour cette f\u00eate, c\u00e9l\u00e9br\u00e9e en Russie le dernier dimanche du mois de juillet, sans qu&rsquo;aucune explication ne soit fournie.<\/p>\n<p class=\"ap-StoryElement ap-StoryElement--mb ap-StoryText\">Le pr\u00e9sident russe, <a href=\"https:\/\/www.lalibre.be\/international\/europe\/guerre-ukraine-russie\/2025\/07\/25\/guerre-en-ukraine-zelensky-rencontrera-t-il-poutine-des-discussions-ont-commence-THM67AUWZRFXDKCXOEEH6B7UUE\/\" target=\"_blank\" rel=\"noopener\">Vladimir Poutine<\/a>, qui avait assist\u00e9 en personne \u00e0 ce d\u00e9fil\u00e9 chaque ann\u00e9e, a f\u00e9licit\u00e9 la marine russe dans un message vid\u00e9o, saluant notamment l'\u00a0\u00bbaudace\u00a0\u00bb et l'\u00a0\u00bbh\u00e9ro\u00efsme\u00a0\u00bb des marins russes participant \u00e0 l&rsquo;op\u00e9ration militaire en Ukraine.<\/p>\n<p><a href=\"https:\/\/www.lalibre.be\/international\/europe\/guerre-ukraine-russie\/2025\/07\/23\/july-storm-lexercice-militaire-de-grande-ampleur-mene-par-la-russie-sur-plusieurs-jours-dans-les-mers-et-oceans-du-globe-P2A5L7YFZREBBJ5FX55FRSXZTI\/\" target=\"_blank\" rel=\"noopener noreferrer\" class=\"ap-StoryInterstitialLink ap-StoryElement ap-StoryElement--mb\">\u00ab\u00a0July Storm\u00a0\u00bb, l&rsquo;exercice militaire de grande ampleur men\u00e9 par la Russie sur plusieurs jours, dans les mers et oc\u00e9ans du globe<\/a><\/p>\n<p class=\"ap-StoryElement ap-StoryElement--mb ap-StoryText\">La Russie, qui a lanc\u00e9 un assaut \u00e0 grande \u00e9chelle contre son voisin ukrainien en f\u00e9vrier 2022, bombardant quotidiennement ses villes et ses villages, est vis\u00e9e \u00e0 son tour ces derniers mois en riposte par des attaques quotidiennes de drones ukrainiennes.<\/p>\n<p class=\"ap-StoryElement ap-StoryElement--mb ap-StoryText\">Ainsi, une centaine de ces engins ukrainiens ont \u00e9t\u00e9 abattus par la d\u00e9fense antia\u00e9rienne russe dans la nuit de samedi \u00e0 dimanche, selon le <a href=\"https:\/\/www.lalibre.be\/international\/2025\/07\/18\/guerre-en-ukraine-le-kremlin-utilise-des-tactiques-discretes-mais-destabilisatrices-pour-etouffer-toute-dissidence-7HFQCA5TVFHDHLKFO6AIH6CNRA\/\" target=\"_blank\" rel=\"noopener\">minist\u00e8re russe de la D\u00e9fense<\/a>.<\/p>\n<p class=\"ap-StoryElement ap-StoryElement--mb ap-StoryText\">Plus de dix drones ont en particulier \u00e9t\u00e9 intercept\u00e9s dans la r\u00e9gion de L\u00e9ningrad, non loin de Saint-P\u00e9tersbourg, o\u00f9 une femme a \u00e9t\u00e9 bless\u00e9e, a d\u00e9plor\u00e9 sur Telegram le gouverneur r\u00e9gional Alexandre Drozdenko.<\/p>\n<p class=\"ap-StoryElement ap-StoryElement--mb ap-StoryText\">Ce raid a \u00e9galement perturb\u00e9 le fonctionnement de l&rsquo;a\u00e9roport Poulkovo de Saint-P\u00e9tersbourg o\u00f9 des dizaines de vols ont \u00e9t\u00e9 retard\u00e9s, selon les autorit\u00e9s a\u00e9roportuaires.<\/p>\n<p><a href=\"https:\/\/www.lalibre.be\/international\/europe\/guerre-ukraine-russie\/2025\/07\/26\/une-future-guerre-de-grande-envergure-moscou-prepare-le-plus-important-programme-de-defense-depuis-la-chute-de-lurss-Z3BQD72N25CTNPQ5GLKN4MPUTY\/\" target=\"_blank\" rel=\"noopener noreferrer\" class=\"ap-StoryInterstitialLink ap-StoryElement ap-StoryElement--mb\">\u00ab\u00a0La Russie pr\u00e9pare le plus important programme de D\u00e9fense depuis l&rsquo;effondrement de l&rsquo;URSS\u00a0\u00bb en pr\u00e9vision d&rsquo;une \u00ab\u00a0guerre de grande envergure\u00a0\u00bb<\/a><\/p>\n","protected":false},"excerpt":{"rendered":"\u00ab\u00a0Les raisons de s\u00e9curit\u00e9 sont primordiales\u00a0\u00bb, a insist\u00e9 Dmitri Peskov, cit\u00e9 par les agences de presse russes, expliquant&hellip;\n","protected":false},"author":2,"featured_media":277251,"comment_status":"","ping_status":"","sticky":false,"template":"","format":"standard","meta":{"footnotes":""},"categories":[1590],"tags":[11,2120,1777,674,12,132,220],"class_list":{"0":"post-277250","1":"post","2":"type-post","3":"status-publish","4":"format-standard","5":"has-post-thumbnail","7":"category-ukraine","8":"tag-actualites","9":"tag-conflit","10":"tag-eu","11":"tag-europe","12":"tag-news","13":"tag-russie","14":"tag-ukraine"},"share_on_mastodon":{"url":"https:\/\/pubeurope.com\/@fr\/114924882760902958","error":""},"_links":{"self":[{"href":"https:\/\/www.europesays.com\/fr\/wp-json\/wp\/v2\/posts\/277250","targetHints":{"allow":["GET"]}}],"collection":[{"href":"https:\/\/www.europesays.com\/fr\/wp-json\/wp\/v2\/posts"}],"about":[{"href":"https:\/\/www.europesays.com\/fr\/wp-json\/wp\/v2\/types\/post"}],"author":[{"embeddable":true,"href":"https:\/\/www.europesays.com\/fr\/wp-json\/wp\/v2\/users\/2"}],"replies":[{"embeddable":true,"href":"https:\/\/www.europesays.com\/fr\/wp-json\/wp\/v2\/comments?post=277250"}],"version-history":[{"count":0,"href":"https:\/\/www.europesays.com\/fr\/wp-json\/wp\/v2\/posts\/277250\/revisions"}],"wp:featuredmedia":[{"embeddable":true,"href":"https:\/\/www.europesays.com\/fr\/wp-json\/wp\/v2\/media\/277251"}],"wp:attachment":[{"href":"https:\/\/www.europesays.com\/fr\/wp-json\/wp\/v2\/media?parent=277250"}],"wp:term":[{"taxonomy":"category","embeddable":true,"href":"https:\/\/www.europesays.com\/fr\/wp-json\/wp\/v2\/categories?post=277250"},{"taxonomy":"post_tag","embeddable":true,"href":"https:\/\/www.europesays.com\/fr\/wp-json\/wp\/v2\/tags?post=277250"}],"curies":[{"name":"wp","href":"https:\/\/api.w.org\/{rel}","templated":true}]}}