{"id":277256,"date":"2025-07-27T11:10:12","date_gmt":"2025-07-27T11:10:12","guid":{"rendered":"https:\/\/www.europesays.com\/fr\/277256\/"},"modified":"2025-07-27T11:10:12","modified_gmt":"2025-07-27T11:10:12","slug":"allemagne-17-policiers-blesses-durant-une-manifestation-pro-palestinienne-en-marge-de-la-marche-des-fiertes-a-berlin","status":"publish","type":"post","link":"https:\/\/www.europesays.com\/fr\/277256\/","title":{"rendered":"Allemagne\u00a0: 17 policiers bless\u00e9s durant une manifestation pro-palestinienne en marge de la Marche des fiert\u00e9s \u00e0 Berlin"},"content":{"rendered":"<p>Les manifestants avaient r\u00e9pondu \u00e0 l\u2019appel du mouvement d\u00e9nomm\u00e9 \u00ab\u00a0la fiert\u00e9 Queer internationaliste pour la lib\u00e9ration\u00a0\u00bb qui pr\u00f4ne \u00ab\u00a0une lutte anti-imp\u00e9rialiste, anticoloniale et antisioniste\u00a0\u00bb, d\u2019apr\u00e8s son site internet.\u00a0Le rassemblement avait lieu parall\u00e8lement \u00e0<a href=\"https:\/\/www.rtbf.be\/article\/pride-a-france-paris-organise-sa-marche-des-fiertes-annuelle-contre-l-internationale-reactionnaire-11568880\" rel=\"nofollow noopener\" target=\"_blank\"> la marche des fiert\u00e9s<\/a>, qui se d\u00e9roulait dans un autre quartier de la capitale allemande. Celui-ci a \u00e9galement donn\u00e9 lieu \u00e0 64 arrestations pour \u00ab\u00a0insultes, coups, blessures et utilisation de symboles d\u2019organisations anticonstitutionnelles et terroristes\u00a0\u00bb, a racont\u00e9 la police, sans donner plus de d\u00e9tails.<\/p>\n","protected":false},"excerpt":{"rendered":"Les manifestants avaient r\u00e9pondu \u00e0 l\u2019appel du mouvement d\u00e9nomm\u00e9 \u00ab\u00a0la fiert\u00e9 Queer internationaliste pour la lib\u00e9ration\u00a0\u00bb qui pr\u00f4ne&hellip;\n","protected":false},"author":2,"featured_media":277257,"comment_status":"","ping_status":"","sticky":false,"template":"","format":"standard","meta":{"footnotes":""},"categories":[1587],"tags":[11,672,1804,1805,1803,1777,674,1801,12,1802],"class_list":{"0":"post-277256","1":"post","2":"type-post","3":"status-publish","4":"format-standard","5":"has-post-thumbnail","7":"category-allemagne","8":"tag-actualites","9":"tag-allemagne","10":"tag-bundesrepublik-deutschland","11":"tag-de","12":"tag-deutschland","13":"tag-eu","14":"tag-europe","15":"tag-germany","16":"tag-news","17":"tag-republique-federale-dallemagne"},"share_on_mastodon":{"url":"https:\/\/pubeurope.com\/@fr\/114924894549619007","error":""},"_links":{"self":[{"href":"https:\/\/www.europesays.com\/fr\/wp-json\/wp\/v2\/posts\/277256","targetHints":{"allow":["GET"]}}],"collection":[{"href":"https:\/\/www.europesays.com\/fr\/wp-json\/wp\/v2\/posts"}],"about":[{"href":"https:\/\/www.europesays.com\/fr\/wp-json\/wp\/v2\/types\/post"}],"author":[{"embeddable":true,"href":"https:\/\/www.europesays.com\/fr\/wp-json\/wp\/v2\/users\/2"}],"replies":[{"embeddable":true,"href":"https:\/\/www.europesays.com\/fr\/wp-json\/wp\/v2\/comments?post=277256"}],"version-history":[{"count":0,"href":"https:\/\/www.europesays.com\/fr\/wp-json\/wp\/v2\/posts\/277256\/revisions"}],"wp:featuredmedia":[{"embeddable":true,"href":"https:\/\/www.europesays.com\/fr\/wp-json\/wp\/v2\/media\/277257"}],"wp:attachment":[{"href":"https:\/\/www.europesays.com\/fr\/wp-json\/wp\/v2\/media?parent=277256"}],"wp:term":[{"taxonomy":"category","embeddable":true,"href":"https:\/\/www.europesays.com\/fr\/wp-json\/wp\/v2\/categories?post=277256"},{"taxonomy":"post_tag","embeddable":true,"href":"https:\/\/www.europesays.com\/fr\/wp-json\/wp\/v2\/tags?post=277256"}],"curies":[{"name":"wp","href":"https:\/\/api.w.org\/{rel}","templated":true}]}}