{"id":277258,"date":"2025-07-27T11:11:15","date_gmt":"2025-07-27T11:11:15","guid":{"rendered":"https:\/\/www.europesays.com\/fr\/277258\/"},"modified":"2025-07-27T11:11:15","modified_gmt":"2025-07-27T11:11:15","slug":"en-ecosse-donald-trump-tacle-leurope-sur-limmigration","status":"publish","type":"post","link":"https:\/\/www.europesays.com\/fr\/277258\/","title":{"rendered":"En \u00c9cosse, Donald Trump tacle l\u2019Europe sur l\u2019immigration"},"content":{"rendered":"<p class=\"mb-4 text-lg md:leading-8 break-words\">Les n\u00e9gociations entre l&rsquo;Union europ\u00e9enne (UE)\u00a0et les \u00c9tats-Unis s&rsquo;intensifient\u00a0avant une r\u00e9union avec Ursula von der Leyen, ce dimanche 27\u00a0juillet. D\u00e8s samedi, au cours de sa visite en \u00c9cosse, le pr\u00e9sident am\u00e9ricain a pris\u00a0l&rsquo;Europe pour cible, sur un sujet en particulier\u00a0: l&rsquo;immigration, rapporte\u00a0<a class=\"link \" href=\"https:\/\/www.theguardian.com\/us-news\/2025\/jul\/26\/trump-tells-europe-to-get-your-act-together-on-immigration-before-us-eu-trade-talks\" rel=\"nofollow noopener\" target=\"_blank\" data-ylk=\"slk:The Guardian;elm:context_link;itc:0;sec:content-canvas\">The Guardian<\/a>. Selon lui, l&rsquo;Europe \u00ab\u00a0ne serait plus qu&rsquo;un souvenir\u00a0\u00bb, si elle ne changeait pas de politique migratoire. \u00ab\u00a0En mati\u00e8re d&rsquo;immigration, vous feriez mieux de vous ressaisir\u00a0\u00bb, a-t-il d\u00e9clar\u00e9.<\/p>\n<p class=\"mb-4 text-lg md:leading-8 break-words\">En \u00c9cosse, le locataire de la Maison-Blanche s&rsquo;est install\u00e9 dans son complexe de golf familial de Turnberry. Et au cours d&rsquo;interventions devant la presse, il en a aussi profit\u00e9 pour critiquer les \u00ab\u00a0moulins \u00e0 vent\u00a0\u00bb, pour d\u00e9signer des \u00e9oliennes. \u00ab\u00a0Vous ruinez vos beaux champs\u2026 Vous tuez vos oiseaux\u00a0\u00bb, a-t-il d\u00e9clar\u00e9 \u00e0 la presse.<\/p>\n<p>Vingt points de blocage<\/p>\n<p class=\"mb-4 text-lg md:leading-8 break-words\">En ce qui concerne les perspectives d&rsquo;un <a class=\"link \" href=\"https:\/\/www.lepoint.fr\/monde\/macron-et-merz-unis-face-a-trump-ce-qu-ils-se-sont-dit-a-berlin-24-07-2025-2595035_24.php\" rel=\"nofollow noopener\" target=\"_blank\" data-ylk=\"slk:accord commercial;elm:context_link;itc:0;sec:content-canvas\">accord commercial<\/a> des \u00c9tats-Unis avec l&rsquo;UE, Donald Trump a d\u00e9clar\u00e9 qu&rsquo;il avait \u00ab\u00a020 points de d\u00e9saccord\u00a0\u00bb, tout en refusant de les d\u00e9voiler. Pourtant, il dit estimer les chances de la conclusion d&rsquo;un accord \u00e9quilibr\u00e9 \u00e0 \u00ab\u00a050-50\u00a0\u00bb, et a insist\u00e9 sur le fait qu&rsquo;il pensait que la discussion avec Ursula von der Leyen allait \u00eatre \u00ab\u00a0bonne\u00a0\u00bb.<\/p>\n<p class=\"mb-4 text-lg md:leading-8 break-words\">\u00c0 LIRE AUSSI <strong class=\"strong\"><a href=\"https:\/\/www.lepoint.fr\/monde\/bruxelles-espere-un-accord-commercial-avec-trump-d-ici-dimanche-26-07-2025-2595142_24.php\" rel=\"nofollow noopener\" target=\"_blank\" data-ylk=\"slk:Bruxelles esp\u00e8re un accord commercial avec Trump d&#039;ici \u00e0 dimanche;elm:context_link;itc:0;sec:content-canvas\" class=\"link \">Bruxelles esp\u00e8re un accord commercial avec Trump d&rsquo;ici \u00e0 dimanche<\/a><\/strong>La pr\u00e9sidente de la Commission europ\u00e9enne, Ursula von der Leyen, est arriv\u00e9e samedi en \u00c9cosse\u00a0et doit \u00eatre rejointe ce dimanche matin par Maros Sefcovic, commissaire europ\u00e9 [&#8230;] <a href=\"https:\/\/www.lepoint.fr\/monde\/en-ecosse-donald-trump-tacle-l-europe-sur-l-immigration-27-07-2025-2595187_24.php\" rel=\"nofollow noopener\" target=\"_blank\" data-ylk=\"slk:Lire la suite;elm:context_link;itc:0;sec:content-canvas\" class=\"link \">Lire la suite<\/a><\/p>\n","protected":false},"excerpt":{"rendered":"Les n\u00e9gociations entre l&rsquo;Union europ\u00e9enne (UE)\u00a0et les \u00c9tats-Unis s&rsquo;intensifient\u00a0avant une r\u00e9union avec Ursula von der Leyen, ce dimanche&hellip;\n","protected":false},"author":2,"featured_media":277259,"comment_status":"","ping_status":"","sticky":false,"template":"","format":"standard","meta":{"footnotes":""},"categories":[1586],"tags":[7608,11,75,73,1777,674,1011,27,18308,12,25,2544],"class_list":{"0":"post-277258","1":"post","2":"type-post","3":"status-publish","4":"format-standard","5":"has-post-thumbnail","7":"category-europe","8":"tag-accord-commercial","9":"tag-actualites","10":"tag-donald-trump","11":"tag-etats-unis","12":"tag-eu","13":"tag-europe","14":"tag-fr","15":"tag-france","16":"tag-l39europe","17":"tag-news","18":"tag-republique-francaise","19":"tag-ursula-von-der-leyen"},"share_on_mastodon":{"url":"https:\/\/pubeurope.com\/@fr\/114924898548913690","error":""},"_links":{"self":[{"href":"https:\/\/www.europesays.com\/fr\/wp-json\/wp\/v2\/posts\/277258","targetHints":{"allow":["GET"]}}],"collection":[{"href":"https:\/\/www.europesays.com\/fr\/wp-json\/wp\/v2\/posts"}],"about":[{"href":"https:\/\/www.europesays.com\/fr\/wp-json\/wp\/v2\/types\/post"}],"author":[{"embeddable":true,"href":"https:\/\/www.europesays.com\/fr\/wp-json\/wp\/v2\/users\/2"}],"replies":[{"embeddable":true,"href":"https:\/\/www.europesays.com\/fr\/wp-json\/wp\/v2\/comments?post=277258"}],"version-history":[{"count":0,"href":"https:\/\/www.europesays.com\/fr\/wp-json\/wp\/v2\/posts\/277258\/revisions"}],"wp:featuredmedia":[{"embeddable":true,"href":"https:\/\/www.europesays.com\/fr\/wp-json\/wp\/v2\/media\/277259"}],"wp:attachment":[{"href":"https:\/\/www.europesays.com\/fr\/wp-json\/wp\/v2\/media?parent=277258"}],"wp:term":[{"taxonomy":"category","embeddable":true,"href":"https:\/\/www.europesays.com\/fr\/wp-json\/wp\/v2\/categories?post=277258"},{"taxonomy":"post_tag","embeddable":true,"href":"https:\/\/www.europesays.com\/fr\/wp-json\/wp\/v2\/tags?post=277258"}],"curies":[{"name":"wp","href":"https:\/\/api.w.org\/{rel}","templated":true}]}}