{"id":277260,"date":"2025-07-27T11:12:18","date_gmt":"2025-07-27T11:12:18","guid":{"rendered":"https:\/\/www.europesays.com\/fr\/277260\/"},"modified":"2025-07-27T11:12:18","modified_gmt":"2025-07-27T11:12:18","slug":"en-ecosse-donald-trump-tacle-leurope-sur-limmigration-2","status":"publish","type":"post","link":"https:\/\/www.europesays.com\/fr\/277260\/","title":{"rendered":"En \u00c9cosse, Donald Trump tacle l\u2019Europe sur l\u2019immigration"},"content":{"rendered":"<p>Les n\u00e9gociations entre l&rsquo;Union europ\u00e9enne (UE)\u00a0et les \u00c9tats-Unis s&rsquo;intensifient\u00a0avant une r\u00e9union avec <a class=\"Link\" href=\"https:\/\/www.lepoint.fr\/tags\/ursula-der-von-leyen\" rel=\"nofollow noopener\" target=\"_blank\">Ursula von der Leyen<\/a>, ce dimanche 27\u00a0juillet. D\u00e8s samedi, au cours de sa visite en \u00c9cosse, le pr\u00e9sident am\u00e9ricain a pris\u00a0l&rsquo;Europe pour cible, sur un sujet en particulier\u00a0: l&rsquo;immigration, rapporte\u00a0<a class=\"Link\" href=\"https:\/\/www.theguardian.com\/us-news\/2025\/jul\/26\/trump-tells-europe-to-get-your-act-together-on-immigration-before-us-eu-trade-talks\" target=\"_blank\" title=\"\" data-gtm=\"click:capsule\" data-capsule=\"Lien\" rel=\"nofollow noopener\">The Guardian<\/a>. Selon lui, l&rsquo;Europe \u00ab\u00a0ne serait plus qu&rsquo;un souvenir\u00a0\u00bb, si elle ne changeait pas de politique migratoire. \u00ab\u00a0En mati\u00e8re d&rsquo;immigration, vous feriez mieux de vous ressaisir\u00a0\u00bb, a-t-il d\u00e9clar\u00e9.<\/p>\n<p>En \u00c9cosse, le locataire de la Maison-Blanche s&rsquo;est install\u00e9 dans son complexe de golf familial de Turnberry. Et au cours d&rsquo;interventions devant la presse, il en a aussi profit\u00e9 pour critiquer les \u00ab\u00a0moulins \u00e0 vent\u00a0\u00bb, pour d\u00e9signer des \u00e9oliennes. \u00ab\u00a0Vous ruinez vos beaux champs\u2026 Vous tuez vos oiseaux\u00a0\u00bb, a-t-il d\u00e9clar\u00e9 \u00e0 la presse.<\/p>\n<p>Vingt points de blocage<\/p>\n<p>En ce qui concerne les perspectives d&rsquo;un <a class=\"Link\" href=\"https:\/\/www.lepoint.fr\/monde\/macron-et-merz-unis-face-a-trump-ce-qu-ils-se-sont-dit-a-berlin-24-07-2025-2595035_24.php\" title=\"\" data-gtm=\"click:capsule\" data-capsule=\"Lien\" rel=\"nofollow noopener\" target=\"_blank\">accord commercial<\/a> des \u00c9tats-Unis avec l&rsquo;UE, Donald Trump a d\u00e9clar\u00e9 qu&rsquo;il avait \u00ab\u00a020 points de d\u00e9saccord\u00a0\u00bb, tout en refusant de les d\u00e9voiler. Pourtant, il dit estimer les chances de la conclusion d&rsquo;un accord \u00e9quilibr\u00e9 \u00e0 \u00ab\u00a050-50\u00a0\u00bb, et a insist\u00e9 sur le fait qu&rsquo;il pensait que la discussion avec Ursula von der Leyen allait \u00eatre \u00ab\u00a0bonne\u00a0\u00bb.<\/p>\n<p>La pr\u00e9sidente de la Commission europ\u00e9enne, Ursula von der Leyen, est arriv\u00e9e samedi en \u00c9cosse\u00a0et doit \u00eatre rejointe ce dimanche matin par Maros Sefcovic, commissaire europ\u00e9en au Commerce et \u00e0 la S\u00e9curit\u00e9 \u00e9conomique.<\/p>\n<p>\n\u00c0 D\u00e9couvrir<br \/>\n<strong class=\"discover-kangourou__line\"><br \/>\n<img decoding=\"async\" class=\"discover-kangourou__img\" src=\"https:\/\/static.lpnt.fr\/static\/img\/kangourou\/kangourou_filled.svg\"\/><br \/>\n<strong class=\"discover-kangourou__txt\"><br \/>\n<strong>Le Kangourou du jour<\/strong><br \/>\n<a href=\"https:\/\/kangourou.lepoint.fr\" title=\"kangourou\" data-gtm-cta=\"kangourou_article\" class=\"discover-kangourou__lnk\" rel=\"nofollow noopener\" target=\"_blank\"><br \/>\nR\u00e9pondre<br \/>\n<\/a><br \/>\n<\/strong><br \/>\n<\/strong><br \/>\nL&rsquo;objectif est de conclure un accord \u00e9quilibr\u00e9, sur <a class=\"Link\" href=\"https:\/\/www.lepoint.fr\/economie\/droits-de-douane-americains-pour-cecilia-malmstrom-ce-n-est-pas-une-negociation-c-est-un-diktat-22-07-2025-2594880_28.php\" title=\"\" data-gtm=\"click:capsule\" data-capsule=\"Lien\" rel=\"nofollow noopener\" target=\"_blank\">un taux de surtaxe de 15\u00a0%<\/a> sur les produits europ\u00e9ens export\u00e9s vers les \u00c9tats-Unis, dont\u00a0l&rsquo;automobile et les produits pharmaceutiques. Mais l&rsquo;acier, lui, restera tax\u00e9 \u00e0 50\u00a0%. Un accord qui serait donc loin <a class=\"Link\" href=\"https:\/\/www.lepoint.fr\/monde\/face-a-trump-l-europe-prepare-la-plus-grosse-riposte-commerciale-de-son-histoire-22-07-2025-2594900_24.php\" title=\"\" data-gtm=\"click:capsule\" data-capsule=\"Lien\" rel=\"nofollow noopener\" target=\"_blank\">des menaces<\/a> initiales \u00e9voqu\u00e9es avec une taxe \u00e0 200\u00a0% sur les m\u00e9dicaments.<\/p>\n<p>D\u00e8s lundi, cette rencontre entre Ursula von der Leyen sera suivie de rendez-vous avec le Premier ministre britannique, Keir Stammer, pour peut-\u00eatre envisager d&rsquo;\u00e9largir l&rsquo;accord conclu en mai avec Londres.<\/p>\n<p>Toute l\u2019actualit\u00e9 \u00e0 1\u20ac le premier mois<\/p>\n<p><a href=\"https:\/\/abo.lepoint.fr\/?provenance=21EDI020098\" class=\"btn\" title=\"S&#039;abonner\" data-gtm=\"click:abo|display:abo\" data-campaign=\"paywall_maison\" rel=\"nofollow noopener\" target=\"_blank\">S&rsquo;abonner<\/a><\/p>\n<p>ou<\/p>\n","protected":false},"excerpt":{"rendered":"Les n\u00e9gociations entre l&rsquo;Union europ\u00e9enne (UE)\u00a0et les \u00c9tats-Unis s&rsquo;intensifient\u00a0avant une r\u00e9union avec Ursula von der Leyen, ce dimanche&hellip;\n","protected":false},"author":2,"featured_media":277261,"comment_status":"","ping_status":"","sticky":false,"template":"","format":"standard","meta":{"footnotes":""},"categories":[1586],"tags":[11,1777,674,1779,1011,27,12,25,1778,364],"class_list":{"0":"post-277260","1":"post","2":"type-post","3":"status-publish","4":"format-standard","5":"has-post-thumbnail","7":"category-europe","8":"tag-actualites","9":"tag-eu","10":"tag-europe","11":"tag-european-union","12":"tag-fr","13":"tag-france","14":"tag-news","15":"tag-republique-francaise","16":"tag-ue","17":"tag-union-europeenne"},"share_on_mastodon":{"url":"https:\/\/pubeurope.com\/@fr\/114924902459523528","error":""},"_links":{"self":[{"href":"https:\/\/www.europesays.com\/fr\/wp-json\/wp\/v2\/posts\/277260","targetHints":{"allow":["GET"]}}],"collection":[{"href":"https:\/\/www.europesays.com\/fr\/wp-json\/wp\/v2\/posts"}],"about":[{"href":"https:\/\/www.europesays.com\/fr\/wp-json\/wp\/v2\/types\/post"}],"author":[{"embeddable":true,"href":"https:\/\/www.europesays.com\/fr\/wp-json\/wp\/v2\/users\/2"}],"replies":[{"embeddable":true,"href":"https:\/\/www.europesays.com\/fr\/wp-json\/wp\/v2\/comments?post=277260"}],"version-history":[{"count":0,"href":"https:\/\/www.europesays.com\/fr\/wp-json\/wp\/v2\/posts\/277260\/revisions"}],"wp:featuredmedia":[{"embeddable":true,"href":"https:\/\/www.europesays.com\/fr\/wp-json\/wp\/v2\/media\/277261"}],"wp:attachment":[{"href":"https:\/\/www.europesays.com\/fr\/wp-json\/wp\/v2\/media?parent=277260"}],"wp:term":[{"taxonomy":"category","embeddable":true,"href":"https:\/\/www.europesays.com\/fr\/wp-json\/wp\/v2\/categories?post=277260"},{"taxonomy":"post_tag","embeddable":true,"href":"https:\/\/www.europesays.com\/fr\/wp-json\/wp\/v2\/tags?post=277260"}],"curies":[{"name":"wp","href":"https:\/\/api.w.org\/{rel}","templated":true}]}}