{"id":277264,"date":"2025-07-27T11:14:14","date_gmt":"2025-07-27T11:14:14","guid":{"rendered":"https:\/\/www.europesays.com\/fr\/277264\/"},"modified":"2025-07-27T11:14:14","modified_gmt":"2025-07-27T11:14:14","slug":"ol-0-4-fonseca-salue-la-personnalite-des-jeunes","status":"publish","type":"post","link":"https:\/\/www.europesays.com\/fr\/277264\/","title":{"rendered":"OL (0-4) : Fonseca salue \u00ab\u00a0la personnalit\u00e9\u00a0\u00bb des jeunes"},"content":{"rendered":"<p>                            <img width=\"770\" height=\"433\" src=\"https:\/\/www.europesays.com\/fr\/wp-content\/uploads\/2025\/07\/AFP__20250727__DPPI_40825004_019__v1__HighRes__FootballFriendlyGameHamburgVLyon-770x433.jpg\" class=\"attachment-article size-article wp-post-image\" alt=\"Afonso Moreira remerciant Alejandro Gomes Rodriguez lors de Hambourg - OL\" decoding=\"async\" fetchpriority=\"high\"  \/><\/p>\n<p>Afonso Moreira remerciant Alejandro Gomes Rodriguez lors de Hambourg \u2013 OL (Photo by Jurgen Fromme \/ firo Sportphoto \/ DPPI via AFP)<\/p>\n<p>Suite \u00e0 la victoire de l\u2019OL \u00e0 Hambourg (0-4), Paulo Fonseca \u00e9tait satisfait du visage de son \u00e9quipe. L\u2019entra\u00eeneur portugais a souhait\u00e9 saluer la performance de ses jeunes en deuxi\u00e8me mi-temps.<\/p>\n<p>C\u2019est une victoire qui fait du bien au moral. Il ne faudra pas en tirer des conclusions trop h\u00e2tives, comme c\u2019est le cas en cas de d\u00e9faite, mais samedi apr\u00e8s-midi, l\u2019<strong>OL<\/strong>\u00a0a livr\u00e9 une\u00a0<a href=\"https:\/\/www.olympique-et-lyonnais.com\/a-hambourg-lol-a-fait-preuve-de-maitrise-mais-aussi-de-caractere,372964.html\" rel=\"nofollow noopener\" target=\"_blank\">prestation solide<\/a>\u00a0\u00e0\u00a0<strong>Hambourg<\/strong>. Pour son troisi\u00e8me match de l\u2019\u00e9t\u00e9, la formation rhodanienne a augment\u00e9 le curseur pour s\u2019offrir une large victoire (0-4) contre le promu en Bundesliga. Quatre buts inscrits, aucun encaiss\u00e9 malgr\u00e9 des situations chaudes, l\u2019apr\u00e8s-midi a \u00e9t\u00e9 quasiment parfait pour Paulo\u00a0<strong>Fonseca<\/strong>\u00a0et son staff technique.\u00a0\u00ab\u00a0C&rsquo;\u00e9tait totalement diff\u00e9rent de la rencontre face \u00e0 Molenbeek, on a progress\u00e9 depuis. Ce que j&rsquo;ai aim\u00e9 le plus aujourd\u2019hui (samedi), c&rsquo;est le courage de l&rsquo;ensemble des joueurs,\u00a0a not\u00e9 le Portugais sur OLPlay.\u00a0Nous devons continuer \u00e0 travailler pour progresser davantage, parce que nous avons encore beaucoup de progr\u00e8s \u00e0 faire.\u00a0\u00bb<\/p>\n<p>\u00ab\u00a0C&rsquo;\u00e9tait la premi\u00e8re fois qu&rsquo;ils jouaient dans un tel stade\u00a0\u00bb<\/p>\n<p>Cela tombe bien, les Lyonnais attaquent d\u00e8s ce dimanche un stage d\u2019une semaine en Autriche, avec deux matchs amicaux au programme. L\u2019occasion de monter en puissance \u00e0 une quinzaine de jours de la reprise de la Ligue 1. Mais aussi aux jeunes pr\u00e9sents dans l\u2019effectif de confirmer les belles dispositions observ\u00e9es depuis le d\u00e9but de la pr\u00e9paration. Samedi, apr\u00e8s deux matchs \u00e0 huis clos \u00e0 D\u00e9cines, l\u2019ambiance a \u00e9t\u00e9 bien diff\u00e9rente \u00e0 Hambourg avec un stade presque plein et surtout peu de cadres pour les encadrer.<\/p>\n<p>Finalement, gr\u00e2ce \u00e0 un but d\u2019Afonso\u00a0<strong>Moreira<\/strong>, ces jeunes ont \u00e9galement remport\u00e9 l\u2019heure de jeu qui leur a \u00e9t\u00e9 consacr\u00e9e.\u00a0\u00ab\u00a0Pour la plupart des jeunes, c&rsquo;\u00e9tait la premi\u00e8re fois qu&rsquo;ils jouaient dans un stade de cette envergure devant plus de 50.000 personnes. C&rsquo;est aussi la premi\u00e8re fois qu&rsquo;ils jouent face \u00e0 une \u00e9quipe de ce niveau, et je suis vraiment content de leur prestation. Ils ont d\u00e9montr\u00e9 beaucoup de personnalit\u00e9.\u00a0\u00bb\u00a0De l\u00e0 \u00e0 tous les imaginer dans le groupe professionnel cette saison, il y a un pas que l\u2019on ne franchira pas pour le moment.<\/p>\n","protected":false},"excerpt":{"rendered":"Afonso Moreira remerciant Alejandro Gomes Rodriguez lors de Hambourg \u2013 OL (Photo by Jurgen Fromme \/ firo Sportphoto&hellip;\n","protected":false},"author":2,"featured_media":277265,"comment_status":"","ping_status":"","sticky":false,"template":"","format":"standard","meta":{"footnotes":""},"categories":[2],"tags":[11,1011,27,12,241,978,25],"class_list":{"0":"post-277264","1":"post","2":"type-post","3":"status-publish","4":"format-standard","5":"has-post-thumbnail","7":"category-actualites","8":"tag-actualites","9":"tag-fr","10":"tag-france","11":"tag-news","12":"tag-ol","13":"tag-olympique-lyonnais","14":"tag-republique-francaise"},"share_on_mastodon":{"url":"https:\/\/pubeurope.com\/@fr\/114924910562285704","error":""},"_links":{"self":[{"href":"https:\/\/www.europesays.com\/fr\/wp-json\/wp\/v2\/posts\/277264","targetHints":{"allow":["GET"]}}],"collection":[{"href":"https:\/\/www.europesays.com\/fr\/wp-json\/wp\/v2\/posts"}],"about":[{"href":"https:\/\/www.europesays.com\/fr\/wp-json\/wp\/v2\/types\/post"}],"author":[{"embeddable":true,"href":"https:\/\/www.europesays.com\/fr\/wp-json\/wp\/v2\/users\/2"}],"replies":[{"embeddable":true,"href":"https:\/\/www.europesays.com\/fr\/wp-json\/wp\/v2\/comments?post=277264"}],"version-history":[{"count":0,"href":"https:\/\/www.europesays.com\/fr\/wp-json\/wp\/v2\/posts\/277264\/revisions"}],"wp:featuredmedia":[{"embeddable":true,"href":"https:\/\/www.europesays.com\/fr\/wp-json\/wp\/v2\/media\/277265"}],"wp:attachment":[{"href":"https:\/\/www.europesays.com\/fr\/wp-json\/wp\/v2\/media?parent=277264"}],"wp:term":[{"taxonomy":"category","embeddable":true,"href":"https:\/\/www.europesays.com\/fr\/wp-json\/wp\/v2\/categories?post=277264"},{"taxonomy":"post_tag","embeddable":true,"href":"https:\/\/www.europesays.com\/fr\/wp-json\/wp\/v2\/tags?post=277264"}],"curies":[{"name":"wp","href":"https:\/\/api.w.org\/{rel}","templated":true}]}}