{"id":277269,"date":"2025-07-27T11:19:11","date_gmt":"2025-07-27T11:19:11","guid":{"rendered":"https:\/\/www.europesays.com\/fr\/277269\/"},"modified":"2025-07-27T11:19:11","modified_gmt":"2025-07-27T11:19:11","slug":"atp-toronto-vasek-pospisil-tire-sa-reverence-je-veux-quon-se-souvienne-de-moi-comme-dune-bonne-personne-rien-de-plus","status":"publish","type":"post","link":"https:\/\/www.europesays.com\/fr\/277269\/","title":{"rendered":"ATP &#8211; Toronto > Vasek Pospisil tire sa r\u00e9v\u00e9rence : \u00ab\u00a0Je veux qu&rsquo;on se souvienne de moi comme d&rsquo;une bonne personne, rien de plus\u00a0\u00bb"},"content":{"rendered":"<p>Le cana\u00addien \u00e2g\u00e9 de 35 ans, va jouer son dernier tournoi de sa carri\u00e8re. Lors du m\u00e9dia day, il est donc revenu sur ses ann\u00e9es. Il a aussi expli\u00adquer la trace qu\u2019il aime\u00adrait laisser une fois qu\u2019il va partir.<\/p>\n<p><strong>\u00ab\u202fJe veux qu\u2019on se souvienne de moi comme d\u2019une bonne personne, rien de plus. Comme quel\u00adqu\u2019un qui a toujours \u00e9t\u00e9 honn\u00eate et a d\u00e9fendu ce qu\u2019il croyait, qui a concouru dur et qui a fait de son mieux chaque fois que j\u2019ai mis un pied sur la piste, que ce soit pour un entra\u00ee\u00adne\u00adment ou pour jouer un match. Je pense que ce serait tout ce que j\u2019ai\u00adme\u00adrais laisser en h\u00e9ri\u00adtage. J\u2019ai l\u2019im\u00adpres\u00adsion d\u2019avoir toujours \u00e9t\u00e9 fid\u00e8le \u00e0 moi\u2010m\u00eame, je suis toujours sortie sur la piste le c\u0153ur dans la main, m\u00eame lors des conf\u00e9\u00adrences de presse. Pour moi, il a toujours \u00e9t\u00e9 pr\u00e9f\u00e9\u00adrable d\u2019\u00eatre aussi trans\u00adpa\u00adrent, cela vous rend authen\u00adtique, soyez qui vous \u00eates, j\u2019es\u00adp\u00e8re qu\u2019ils se souvien\u00addront de moi de cette\u00a0fa\u00e7on\u202f\u00bb<\/strong><\/p>\n<p class=\"post-published-date\" style=\"color: silver; font-size: 75%; text-align: left;\">Publi\u00e9 le dimanche 27 juillet 2025 \u00e0 10:27<\/p>\n","protected":false},"excerpt":{"rendered":"Le cana\u00addien \u00e2g\u00e9 de 35 ans, va jouer son dernier tournoi de sa carri\u00e8re. Lors du m\u00e9dia day,&hellip;\n","protected":false},"author":2,"featured_media":277270,"comment_status":"","ping_status":"","sticky":false,"template":"","format":"standard","meta":{"footnotes":""},"categories":[1415],"tags":[1011,27,60,1467],"class_list":{"0":"post-277269","1":"post","2":"type-post","3":"status-publish","4":"format-standard","5":"has-post-thumbnail","7":"category-tennis","8":"tag-fr","9":"tag-france","10":"tag-sports","11":"tag-tennis"},"share_on_mastodon":{"url":"https:\/\/pubeurope.com\/@fr\/114924929874449394","error":""},"_links":{"self":[{"href":"https:\/\/www.europesays.com\/fr\/wp-json\/wp\/v2\/posts\/277269","targetHints":{"allow":["GET"]}}],"collection":[{"href":"https:\/\/www.europesays.com\/fr\/wp-json\/wp\/v2\/posts"}],"about":[{"href":"https:\/\/www.europesays.com\/fr\/wp-json\/wp\/v2\/types\/post"}],"author":[{"embeddable":true,"href":"https:\/\/www.europesays.com\/fr\/wp-json\/wp\/v2\/users\/2"}],"replies":[{"embeddable":true,"href":"https:\/\/www.europesays.com\/fr\/wp-json\/wp\/v2\/comments?post=277269"}],"version-history":[{"count":0,"href":"https:\/\/www.europesays.com\/fr\/wp-json\/wp\/v2\/posts\/277269\/revisions"}],"wp:featuredmedia":[{"embeddable":true,"href":"https:\/\/www.europesays.com\/fr\/wp-json\/wp\/v2\/media\/277270"}],"wp:attachment":[{"href":"https:\/\/www.europesays.com\/fr\/wp-json\/wp\/v2\/media?parent=277269"}],"wp:term":[{"taxonomy":"category","embeddable":true,"href":"https:\/\/www.europesays.com\/fr\/wp-json\/wp\/v2\/categories?post=277269"},{"taxonomy":"post_tag","embeddable":true,"href":"https:\/\/www.europesays.com\/fr\/wp-json\/wp\/v2\/tags?post=277269"}],"curies":[{"name":"wp","href":"https:\/\/api.w.org\/{rel}","templated":true}]}}