{"id":277273,"date":"2025-07-27T11:22:14","date_gmt":"2025-07-27T11:22:14","guid":{"rendered":"https:\/\/www.europesays.com\/fr\/277273\/"},"modified":"2025-07-27T11:22:14","modified_gmt":"2025-07-27T11:22:14","slug":"iker-lecuona-blesse-et-remplace-par-xavi-vierge-aux-8h-de-suzuka","status":"publish","type":"post","link":"https:\/\/www.europesays.com\/fr\/277273\/","title":{"rendered":"Iker Lecuona bless\u00e9 et remplac\u00e9 par Xavi Vierge aux 8H de Suzuka"},"content":{"rendered":"<p>En attendant la confirmation de Honda, <strong>Motorsport.com<\/strong> a appris que le pilote choisi pour faire \u00e9quipe avec <a href=\"https:\/\/fr.motorsport.com\/driver\/johann-zarco\/96107\/\" target=\"_blank\" rel=\"noopener nofollow\">Johann Zarco<\/a> et Takumi Takahashi aux 8 Heures de Suzuka sera Xavi Vierge, qui s&rsquo;\u00e9tait d\u00e9j\u00e0 impos\u00e9 dans cette c\u00e9l\u00e8bre \u00e9preuve d&rsquo;endurance il y a deux ans, aux c\u00f4t\u00e9s de Takahashi et de Tetsuta Nagashima.<\/p>\n<p>Cette d\u00e9cision fait suite \u00e0 la fracture du poignet gauche subie samedi par <a href=\"https:\/\/fr.motorsport.com\/driver\/iker-lecuona\/442192\/\" target=\"_blank\" rel=\"noopener nofollow\">Iker Lecuona<\/a> lors de la premi\u00e8re course disput\u00e9e sur le circuit de Balaton Park, en Hongrie, dans le cadre du WorldSBK.<\/p>\n<p>Il se trouve que, jusqu&rsquo;\u00e0 sa chute en Hongrie, la participation de Lecuona aux 8 Heures avait d\u00e9j\u00e0 \u00e9t\u00e9 confirm\u00e9e apr\u00e8s la blessure de <a href=\"https:\/\/fr.motorsport.com\/driver\/luca-marini\/201098\/\" target=\"_blank\" rel=\"noopener nofollow\">Luca Marini<\/a>. L&rsquo;Italien, pilote officiel HRC en MotoGP, a en effet chut\u00e9 lors d&rsquo;une s\u00e9ance d&rsquo;essais au Japon, alors qu&rsquo;il accumulait des kilom\u00e8tres au guidon de la CBR1000RR-R, dans un accident effrayant qui l&rsquo;a contraint \u00e0 manquer plusieurs rendez-vous en MotoGP et \u00e0 renoncer \u00e0 sa participation aux 8 Heures.\u00a0<\/p>\n<p>   <img decoding=\"async\" draggable=\"false\" src=\"https:\/\/www.europesays.com\/fr\/wp-content\/uploads\/2025\/07\/xavi-vierge-honda-hrc-balaton-.jpg\" alt=\"Xavi Vierge, Iker Lecuona et Diogo Moreira pendant le test au Balaton Park.\" width=\"1200\" height=\"800\" loading=\"lazy\"\/> <\/p>\n<p class=\"title\">Xavi Vierge, Iker Lecuona et Diogo Moreira pendant le test au Balaton Park.<\/p>\n<p class=\"photographer\">Photo de: Honda Racing<\/p>\n<p>Vierge se rendra au Japon ce dimanche, d\u00e8s la fin de l&rsquo;\u00e9preuve de WorldSBK, et mercredi, il roulera sur le circuit japonais.<\/p>\n<p>\u00c0 28 ans, l&rsquo;Espagnol occupe la septi\u00e8me place du classement g\u00e9n\u00e9ral du championnat \u2013 il est le mieux class\u00e9 des pilotes Honda \u2013 et attend toujours de conna\u00eetre son avenir. Il a sur la table une offre de renouvellement de la part de la marque \u00e0 l&rsquo;aile dor\u00e9e, mais il a \u00e9galement d&rsquo;autres options. L&rsquo;une d&rsquo;elles consiste \u00e0 monter sur une Ducati Panigale V4R de l&rsquo;\u00e9quipe Barni, mais il ne serait pas non plus d\u00e9raisonnable de voir le Catalan sur la BMW que Michael Van Der Mark va lib\u00e9rer, \u00e9tant donn\u00e9 que l&rsquo;autre M1000RR est destin\u00e9e \u00e0 <a href=\"https:\/\/fr.motorsport.com\/driver\/danilo-petrucci\/93783\/\" target=\"_blank\" rel=\"noopener nofollow\">Danilo Petrucci<\/a>.<\/p>\n<p>Lecuona, incertain pour l&rsquo;Autriche et la Hongrie en MotoGP<\/p>\n<p>Lecuona, quant \u00e0 lui, a pris l&rsquo;avion ce dimanche matin \u00e0 destination de Valence, o\u00f9 il passera lundi une visite m\u00e9dicale afin de d\u00e9terminer la gravit\u00e9 de sa blessure qui, selon toute vraisemblance, l&rsquo;obligera \u00e0 se faire op\u00e9rer.<\/p>\n<p>Cette blessure affecte non seulement les d\u00e9partements WorldSBK et endurance de Honda, mais aura \u00e9galement des r\u00e9percussions dans le domaine du MotoGP. Lecuona avait en effet \u00e9t\u00e9 choisi pour remplacer <a href=\"https:\/\/fr.motorsport.com\/driver\/somkiat-chantra\/823104\/\" target=\"_blank\" rel=\"noopener nofollow\">Somkiat Chantra<\/a> lors des Grands Prix d&rsquo;Autriche et de Hongrie, qui se disputeront dans la seconde moiti\u00e9 du mois d&rsquo;ao\u00fbt.<\/p>\n<p>Lire aussi :<\/p>\n<p>Le Tha\u00eflandais de l&rsquo;\u00e9curie LCR reste indisponible apr\u00e8s s&rsquo;\u00eatre bless\u00e9 au genou lors d&rsquo;une s\u00e9ance d&rsquo;entra\u00eenement en motocross. Chantra avait \u00e9t\u00e9 remplac\u00e9 la semaine derni\u00e8re, \u00e0 Brno, par <a href=\"https:\/\/fr.motorsport.com\/driver\/takaaki-nakagami\/109418\/\" target=\"_blank\" rel=\"noopener nofollow\">Takaaki Nakagami<\/a>, qui s&rsquo;est lui aussi bless\u00e9 au genou dans les premiers instants du sprint, apr\u00e8s avoir \u00e9t\u00e9 percut\u00e9 par <a href=\"https:\/\/fr.motorsport.com\/driver\/augusto-fernandez\/452210\/\" target=\"_blank\" rel=\"noopener nofollow\">Augusto Fern\u00e1ndez<\/a>.<\/p>\n<p>En toute logique, Xavi Vierge est d\u00e9sormais \u00e9galement en lice pour disputer les deux prochaines courses du calendrier MotoGP au guidon de la RC213V de l&rsquo;\u00e9quipe LCR Honda, si certains des bless\u00e9s ne se r\u00e9tablissent pas avant.<\/p>\n<p>Dans cet article<\/p>\n<p>Soyez le premier inform\u00e9 et souscrivez aux alertes mails pour recevoir les infos en temps r\u00e9el<\/p>\n<p>    S&rsquo;abonner aux alertes de news<\/p>\n","protected":false},"excerpt":{"rendered":"En attendant la confirmation de Honda, Motorsport.com a appris que le pilote choisi pour faire \u00e9quipe avec Johann&hellip;\n","protected":false},"author":2,"featured_media":277274,"comment_status":"","ping_status":"","sticky":false,"template":"","format":"standard","meta":{"footnotes":""},"categories":[1412],"tags":[1451,41641,1452,1453,1454,1455,1011,27,3345,34488,1458,16689,60,3771,11034,34487],"class_list":{"0":"post-277273","1":"post","2":"type-post","3":"status-publish","4":"format-standard","5":"has-post-thumbnail","7":"category-f1","8":"tag-f1","9":"tag-fim-endurance","10":"tag-formula-1","11":"tag-formula1","12":"tag-formule-1","13":"tag-formule1","14":"tag-fr","15":"tag-france","16":"tag-honda-hrc","17":"tag-iker-lecuona","18":"tag-motogp","19":"tag-somkiat-chantra","20":"tag-sports","21":"tag-team-lcr","22":"tag-worldsbk","23":"tag-xavi-vierge"},"share_on_mastodon":{"url":"https:\/\/pubeurope.com\/@fr\/114924942100952007","error":""},"_links":{"self":[{"href":"https:\/\/www.europesays.com\/fr\/wp-json\/wp\/v2\/posts\/277273","targetHints":{"allow":["GET"]}}],"collection":[{"href":"https:\/\/www.europesays.com\/fr\/wp-json\/wp\/v2\/posts"}],"about":[{"href":"https:\/\/www.europesays.com\/fr\/wp-json\/wp\/v2\/types\/post"}],"author":[{"embeddable":true,"href":"https:\/\/www.europesays.com\/fr\/wp-json\/wp\/v2\/users\/2"}],"replies":[{"embeddable":true,"href":"https:\/\/www.europesays.com\/fr\/wp-json\/wp\/v2\/comments?post=277273"}],"version-history":[{"count":0,"href":"https:\/\/www.europesays.com\/fr\/wp-json\/wp\/v2\/posts\/277273\/revisions"}],"wp:featuredmedia":[{"embeddable":true,"href":"https:\/\/www.europesays.com\/fr\/wp-json\/wp\/v2\/media\/277274"}],"wp:attachment":[{"href":"https:\/\/www.europesays.com\/fr\/wp-json\/wp\/v2\/media?parent=277273"}],"wp:term":[{"taxonomy":"category","embeddable":true,"href":"https:\/\/www.europesays.com\/fr\/wp-json\/wp\/v2\/categories?post=277273"},{"taxonomy":"post_tag","embeddable":true,"href":"https:\/\/www.europesays.com\/fr\/wp-json\/wp\/v2\/tags?post=277273"}],"curies":[{"name":"wp","href":"https:\/\/api.w.org\/{rel}","templated":true}]}}