{"id":277280,"date":"2025-07-27T11:26:13","date_gmt":"2025-07-27T11:26:13","guid":{"rendered":"https:\/\/www.europesays.com\/fr\/277280\/"},"modified":"2025-07-27T11:26:13","modified_gmt":"2025-07-27T11:26:13","slug":"tour-eiffel-savez-vous-quel-element-propulse-les-ascenseurs-en-haut-de-la-tour","status":"publish","type":"post","link":"https:\/\/www.europesays.com\/fr\/277280\/","title":{"rendered":"TOUR EIFFEL. Savez-vous quel \u00e9l\u00e9ment propulse les ascenseurs en haut de la tour ?"},"content":{"rendered":"<p class=\"article__intro\">C&rsquo;est en visitant les entrailles de la tour Eiffel qu&rsquo;Yvan Hallouin partage avec nous une information m\u00e9connue : les ascenseurs de la tour Eiffel fonctionnent \u00e0&#8230; l&rsquo;eau ! <\/p>\n<p>\n      L\u2019actu des r\u00e9gions\n    <\/p>\n<p>\n      Chaque jour, un tour d\u2019horizon des principales infos de toutes les r\u00e9gions.\n    <\/p>\n<p>    France T\u00e9l\u00e9visions utilise votre adresse e-mail afin de vous envoyer la newsletter \u00ab\u00a0L\u2019actu des r\u00e9gions\u00a0\u00bb. Vous pouvez vous d\u00e9sinscrire \u00e0 tout moment via le lien en bas de cette newsletter. <a target=\"_blank\" href=\"https:\/\/www.francetelevisions.fr\/groupe\/confidentialite\/politique-de-confidentialite\/politique-de-confidentialite-de-france-televisions-6503\" rel=\"nofollow noopener\">Notre politique de confidentialit\u00e9<\/a><\/p>\n<p>Quelques m\u00e8tres sous terre, le pilier ouest de la Tour Eiffel est le domaine de l&rsquo;ascensoriste Eric Trahand. Il veille sur installations techniques inchang\u00e9es depuis la construction de la Dame de fer. Un panneau rappelle d&rsquo;ailleurs que la machinerie hydraulique a \u00e9t\u00e9 mise en service par Gustave Eiffel en 1899 avant d&rsquo;\u00eatre automatis\u00e9e en 1987.<\/p>\n<p>Ces rouages, c\u00e2bles, v\u00e9rins et poulies n&rsquo;ont plus de secret pour Eric Trahand qui doit donc veiller au bon fonctionnement de ces ascenseurs \u00e0 eau. \u00ab\u00a0Le principe des ascenseurs \u00e0 eau avait \u00e9t\u00e9 install\u00e9 dans les b\u00e2timents haussmanniens\u00a0\u00bb pr\u00e9cise-t-il.<\/p>\n<p>Si le monument a \u00e9t\u00e9 visit\u00e9 par plus de 6 millions de personnes en 2024, peu se doutent de comment ces cabines parcourent les 115 m\u00e8tres jusqu&rsquo;au 2\u00e8me \u00e9tage \u00e0 une allure de 2 m\u00e8tres\/seconde \u00e0 la force de l&rsquo;eau. \u00ab\u00a0On ouvre une vanne et l&rsquo;eau des contrepoids passe dans le v\u00e9rin. Ce v\u00e9rin pousse le chariot. En poussant le chariot, il tire sur les c\u00e2bles et il fait monter la cabine. Donc l\u00e0 quand le contrepoids descend, la cabine monte\u00a0\u00bb explique notre expert \u00e0 Yvan Hallouin dans ce num\u00e9ro de Paname. Eric Trahand qui confie savoir \u00e0 l&rsquo;oreille si la machine fonctionne correctement. Une m\u00e9lodie en sous-sol ?<\/p>\n<p>Tous les num\u00e9ros de \u00ab\u00a0Paname\u00a0\u00bb avec Yvan Hallouin sont \u00e0 retrouver sur <a rel=\"noopener noreferrer nofollow\" href=\"http:\/\/france.tv\/idf\" target=\"_blank\">france.tv\/idf<\/a><\/p>\n","protected":false},"excerpt":{"rendered":"C&rsquo;est en visitant les entrailles de la tour Eiffel qu&rsquo;Yvan Hallouin partage avec nous une information m\u00e9connue :&hellip;\n","protected":false},"author":2,"featured_media":277281,"comment_status":"","ping_status":"","sticky":false,"template":"","format":"standard","meta":{"footnotes":""},"categories":[1358],"tags":[1348,1384,1385,1386,58,59,1011,27],"class_list":{"0":"post-277280","1":"post","2":"type-post","3":"status-publish","4":"format-standard","5":"has-post-thumbnail","7":"category-arts-et-design","8":"tag-arts","9":"tag-arts-and-design","10":"tag-arts-et-design","11":"tag-design","12":"tag-divertissement","13":"tag-entertainment","14":"tag-fr","15":"tag-france"},"share_on_mastodon":{"url":"https:\/\/pubeurope.com\/@fr\/114924957442385284","error":""},"_links":{"self":[{"href":"https:\/\/www.europesays.com\/fr\/wp-json\/wp\/v2\/posts\/277280","targetHints":{"allow":["GET"]}}],"collection":[{"href":"https:\/\/www.europesays.com\/fr\/wp-json\/wp\/v2\/posts"}],"about":[{"href":"https:\/\/www.europesays.com\/fr\/wp-json\/wp\/v2\/types\/post"}],"author":[{"embeddable":true,"href":"https:\/\/www.europesays.com\/fr\/wp-json\/wp\/v2\/users\/2"}],"replies":[{"embeddable":true,"href":"https:\/\/www.europesays.com\/fr\/wp-json\/wp\/v2\/comments?post=277280"}],"version-history":[{"count":0,"href":"https:\/\/www.europesays.com\/fr\/wp-json\/wp\/v2\/posts\/277280\/revisions"}],"wp:featuredmedia":[{"embeddable":true,"href":"https:\/\/www.europesays.com\/fr\/wp-json\/wp\/v2\/media\/277281"}],"wp:attachment":[{"href":"https:\/\/www.europesays.com\/fr\/wp-json\/wp\/v2\/media?parent=277280"}],"wp:term":[{"taxonomy":"category","embeddable":true,"href":"https:\/\/www.europesays.com\/fr\/wp-json\/wp\/v2\/categories?post=277280"},{"taxonomy":"post_tag","embeddable":true,"href":"https:\/\/www.europesays.com\/fr\/wp-json\/wp\/v2\/tags?post=277280"}],"curies":[{"name":"wp","href":"https:\/\/api.w.org\/{rel}","templated":true}]}}