{"id":277290,"date":"2025-07-27T11:31:14","date_gmt":"2025-07-27T11:31:14","guid":{"rendered":"https:\/\/www.europesays.com\/fr\/277290\/"},"modified":"2025-07-27T11:31:14","modified_gmt":"2025-07-27T11:31:14","slug":"si-ces-10-symptomes-durent-plus-de-quelques-semaines-il-est-conseille-de-se-faire-examiner-selon-un-radio-oncologue","status":"publish","type":"post","link":"https:\/\/www.europesays.com\/fr\/277290\/","title":{"rendered":"si ces 10 sympt\u00f4mes durent plus de quelques semaines, il est conseill\u00e9 de se faire examiner, selon un radio-oncologue"},"content":{"rendered":"<p>Un cancer ne se manifeste pas toujours par des signaux clairs et bruyants. Parfois, il se cache derri\u00e8re des sympt\u00f4mes vagues et discrets qu&rsquo;on attribue facilement au stress ou \u00e0 l&rsquo;\u00e2ge. Mais lorsqu&rsquo;ils durent, ces signes peuvent m\u00e9riter toute notre attention. Le docteur Tejinder Kataria, directeur du service de radio-oncologie de Medanta, The Medicity, en Inde, met en garde contre dix sympt\u00f4mes fr\u00e9quents, qu\u2019il ne faut surtout pas n\u00e9gliger s\u2019ils persistent plus de quelques semaines. \u00ab Beaucoup de personnes attendent trop longtemps avant de consulter. Par peur ou parce qu\u2019ils pensent que leurs sympt\u00f4mes ne sont pas graves \u00bb, explique-t-elle, cit\u00e9e par le Times of India. Or, comme le rappelle l\u2019Organisation mondiale de la Sant\u00e9, un diagnostic pr\u00e9coce augmente consid\u00e9rablement les chances de succ\u00e8s des traitements et permet souvent d\u2019\u00e9viter des th\u00e9rapies lourdes. Voici les dix signes qui doivent alerter.<\/p>\n<ol class=\"caas-list\">\n<li><strong> Une perte de poids inexpliqu\u00e9e<\/strong><\/li>\n<\/ol>\n<p>Si vous perdez plus de 5 kilos sans avoir modifi\u00e9 votre alimentation ou votre activit\u00e9 physique, il peut \u00eatre utile de consulter. Ce sympt\u00f4me peut \u00eatre li\u00e9 \u00e0 des cancers digestifs ou pulmonaires.<\/p>\n<ol class=\"caas-list\">\n<li><strong> Une fatigue inhabituelle et persistante<\/strong><\/li>\n<\/ol>\n<p>La sensation d\u2019\u00e9puisement en permanence, m\u00eame apr\u00e8s du repos, peut \u00eatre le signe de cancers comme la leuc\u00e9mie ou le lymphome. Si cette fatigue inexpliqu\u00e9e impacte vos activit\u00e9s quotidiennes, elle m\u00e9rite une \u00e9valuation m\u00e9dicale.<\/p>\n<ol class=\"caas-list\">\n<li\/><\/ol>\n","protected":false},"excerpt":{"rendered":"Un cancer ne se manifeste pas toujours par des signaux clairs et bruyants. Parfois, il se cache derri\u00e8re&hellip;\n","protected":false},"author":2,"featured_media":277291,"comment_status":"","ping_status":"","sticky":false,"template":"","format":"standard","meta":{"footnotes":""},"categories":[10],"tags":[1011,27,72,487,71,41642],"class_list":{"0":"post-277290","1":"post","2":"type-post","3":"status-publish","4":"format-standard","5":"has-post-thumbnail","7":"category-sante","8":"tag-fr","9":"tag-france","10":"tag-health","11":"tag-lorganisation-mondiale-de-la-sante","12":"tag-sante","13":"tag-tejinder-kataria"},"share_on_mastodon":{"url":"https:\/\/pubeurope.com\/@fr\/114924977125978178","error":""},"_links":{"self":[{"href":"https:\/\/www.europesays.com\/fr\/wp-json\/wp\/v2\/posts\/277290","targetHints":{"allow":["GET"]}}],"collection":[{"href":"https:\/\/www.europesays.com\/fr\/wp-json\/wp\/v2\/posts"}],"about":[{"href":"https:\/\/www.europesays.com\/fr\/wp-json\/wp\/v2\/types\/post"}],"author":[{"embeddable":true,"href":"https:\/\/www.europesays.com\/fr\/wp-json\/wp\/v2\/users\/2"}],"replies":[{"embeddable":true,"href":"https:\/\/www.europesays.com\/fr\/wp-json\/wp\/v2\/comments?post=277290"}],"version-history":[{"count":0,"href":"https:\/\/www.europesays.com\/fr\/wp-json\/wp\/v2\/posts\/277290\/revisions"}],"wp:featuredmedia":[{"embeddable":true,"href":"https:\/\/www.europesays.com\/fr\/wp-json\/wp\/v2\/media\/277291"}],"wp:attachment":[{"href":"https:\/\/www.europesays.com\/fr\/wp-json\/wp\/v2\/media?parent=277290"}],"wp:term":[{"taxonomy":"category","embeddable":true,"href":"https:\/\/www.europesays.com\/fr\/wp-json\/wp\/v2\/categories?post=277290"},{"taxonomy":"post_tag","embeddable":true,"href":"https:\/\/www.europesays.com\/fr\/wp-json\/wp\/v2\/tags?post=277290"}],"curies":[{"name":"wp","href":"https:\/\/api.w.org\/{rel}","templated":true}]}}