{"id":277292,"date":"2025-07-27T11:32:14","date_gmt":"2025-07-27T11:32:14","guid":{"rendered":"https:\/\/www.europesays.com\/fr\/277292\/"},"modified":"2025-07-27T11:32:14","modified_gmt":"2025-07-27T11:32:14","slug":"negociations-avancees-entre-paris-et-lucas-chevalier-2","status":"publish","type":"post","link":"https:\/\/www.europesays.com\/fr\/277292\/","title":{"rendered":"N\u00e9gociations avanc\u00e9es entre Paris et Lucas Chevalier"},"content":{"rendered":"<p>En y repensant, \u00e7a sonne comme une \u00e9vidence. Lors de son dernier passage par la zone mixte du Parc des Princes, en mars, <a href=\"https:\/\/www.20minutes.fr\/sport\/football\/ligue-1\/4141346-20250302-psg-losc-paris-transcendant-gagne-droit-etre-ambitieux-avant-liverpool\" class=\"color-ultramarine c-link\" rel=\"nofollow noopener\" target=\"_blank\">au d\u00e9tour d\u2019une d\u00e9faite lilloise contre le PSG en Ligue 1<\/a>, Lucas Chevalier souriait sans nier les rumeurs qui l\u2019envoyaient d\u00e9j\u00e0 \u00e0 Paris. Pas \u00e9tonnant d\u2019apprendre du quotidien L\u2019Equipe, quelques mois plus tard, que <a href=\"https:\/\/www.lequipe.fr\/Football\/Actualites\/Mercato-lucas-chevalier-de-plus-en-plus-proche-du-psg\/1581025\" rel=\"nofollow noopener\" target=\"_blank\" class=\"color-ultramarine c-link\">le gardien de but du Losc discute avec le Paris Saint-Germain<\/a> d\u2019une \u00e9ventuelle arriv\u00e9e cet \u00e9t\u00e9.<\/p>\n<p>Discussions qui seraient par ailleurs bien avanc\u00e9es, bien que le dossier soit li\u00e9 \u00e0 <a href=\"https:\/\/www.20minutes.fr\/sport\/gianluigi-donnarumma\/\" class=\"color-ultramarine c-link\" rel=\"nofollow noopener\" target=\"_blank\">l\u2019\u00e9pineux cas Gianluigi Donnarumma<\/a>, grand artisan du titre en Ligue des champions et annonc\u00e9 sur le d\u00e9part dans la mesure o\u00f9 les n\u00e9gociations concernant sa prolongation n\u2019avancent pas. Un accord \u00ab\u00a0dans les grandes lignes\u00a0\u00bb aurait d\u00e9j\u00e0 \u00e9t\u00e9 trouv\u00e9 entre le PSG et Lucas Chevalier bien que des d\u00e9tails restent \u00e0 r\u00e9gler.<\/p>\n<\/p>\n<p>Lille demande 40\u00a0millions d\u2019euros<\/p>\n<p>Pour ce qui est de l\u2019indemnit\u00e9 de transfert \u00e0 verser au club nordiste, l\u2019addition est sal\u00e9e mais ne posera pas de probl\u00e8me \u00e0 Paris\u00a0: Olivier L\u00e9tang demande 40\u00a0millions d\u2019euros pour son gardien de but de 23 ans. Quitte \u00e0 renforcer le club le plus puissant de France, autant en tirer un bon prix. Se posera ensuite pour Lille la question de la succession au poste de gardien de but.<\/p>\n","protected":false},"excerpt":{"rendered":"En y repensant, \u00e7a sonne comme une \u00e9vidence. Lors de son dernier passage par la zone mixte du&hellip;\n","protected":false},"author":2,"featured_media":277293,"comment_status":"","ping_status":"","sticky":false,"template":"","format":"standard","meta":{"footnotes":""},"categories":[9],"tags":[63,1011,27,10528,1434,2332,517,60],"class_list":{"0":"post-277292","1":"post","2":"type-post","3":"status-publish","4":"format-standard","5":"has-post-thumbnail","7":"category-sports","8":"tag-football","9":"tag-fr","10":"tag-france","11":"tag-gianluigi-donnarumma","12":"tag-mercato","13":"tag-paris-saint-germain-psg","14":"tag-sport","15":"tag-sports"},"share_on_mastodon":{"url":"https:\/\/pubeurope.com\/@fr\/114924981112743103","error":""},"_links":{"self":[{"href":"https:\/\/www.europesays.com\/fr\/wp-json\/wp\/v2\/posts\/277292","targetHints":{"allow":["GET"]}}],"collection":[{"href":"https:\/\/www.europesays.com\/fr\/wp-json\/wp\/v2\/posts"}],"about":[{"href":"https:\/\/www.europesays.com\/fr\/wp-json\/wp\/v2\/types\/post"}],"author":[{"embeddable":true,"href":"https:\/\/www.europesays.com\/fr\/wp-json\/wp\/v2\/users\/2"}],"replies":[{"embeddable":true,"href":"https:\/\/www.europesays.com\/fr\/wp-json\/wp\/v2\/comments?post=277292"}],"version-history":[{"count":0,"href":"https:\/\/www.europesays.com\/fr\/wp-json\/wp\/v2\/posts\/277292\/revisions"}],"wp:featuredmedia":[{"embeddable":true,"href":"https:\/\/www.europesays.com\/fr\/wp-json\/wp\/v2\/media\/277293"}],"wp:attachment":[{"href":"https:\/\/www.europesays.com\/fr\/wp-json\/wp\/v2\/media?parent=277292"}],"wp:term":[{"taxonomy":"category","embeddable":true,"href":"https:\/\/www.europesays.com\/fr\/wp-json\/wp\/v2\/categories?post=277292"},{"taxonomy":"post_tag","embeddable":true,"href":"https:\/\/www.europesays.com\/fr\/wp-json\/wp\/v2\/tags?post=277292"}],"curies":[{"name":"wp","href":"https:\/\/api.w.org\/{rel}","templated":true}]}}