{"id":277304,"date":"2025-07-27T11:38:11","date_gmt":"2025-07-27T11:38:11","guid":{"rendered":"https:\/\/www.europesays.com\/fr\/277304\/"},"modified":"2025-07-27T11:38:11","modified_gmt":"2025-07-27T11:38:11","slug":"un-enfant-de-sept-ans-gravement-blesse-par-un-requin","status":"publish","type":"post","link":"https:\/\/www.europesays.com\/fr\/277304\/","title":{"rendered":"un enfant de sept ans gravement bless\u00e9 par un requin"},"content":{"rendered":"<p>Une dizaine d\u2019enfants s\u2019amusaient vendredi \u00e0 sauter depuis le quai dans la baie de Taiohae, le principal village de l\u2019\u00eele, lorsqu\u2019un requin a mordu l\u2019un d\u2019eux au bras et \u00e0 la jambe.<\/p>\n<p class=\"fig-paragraph\">Un enfant de sept ans a \u00e9t\u00e9 gravement mordu au bras et \u00e0 la jambe par un requin \u00e0 Nuku Hiva, une \u00eele de l&rsquo;<a href=\"http:\/\/www.lefigaro.fr\/voyages\/la-fin-d-un-long-suspense-les-iles-marquises-enfin-inscrites-au-patrimoine-mondial-de-l-unesco-20240731\" data-fig-type=\"NewsFlash\" data-gtm-custom-categorie=\"navigation\" data-gtm-custom-action=\"crossclick\" data-gtm-custom-label=\"Contextuel\" data-gtm-event=\"customEventSPE\" data-fig-domain=\"LEFIGARO\" rel=\"nofollow noopener\" target=\"_blank\">archipel des Marquises<\/a>, en Polyn\u00e9sie fran\u00e7aise, a rapport\u00e9 samedi la cha\u00eene locale TNTV. Une information confirm\u00e9e \u00e0 l&rsquo;AFP par les pompiers de l&rsquo;\u00eele.<\/p>\n<p class=\"fig-paragraph\">Une dizaine d&rsquo;enfants s&rsquo;amusaient vendredi \u00e0 sauter depuis le quai dans la baie de Taiohae, le principal village de l&rsquo;\u00eele, lorsqu&rsquo;un requin a mordu l&rsquo;un d&rsquo;eux au bras et \u00e0 la jambe.<\/p>\n<p>                                    <a class=\"fig-a11y-skip a11y-hidden\" href=\"#fig-a11y-skip-main-inarticle\"><br \/>\n        Passer la publicit\u00e9<br \/>\n    <\/a><\/p>\n<p class=\"fig-paragraph\">\u00abJ&rsquo;ai 35 ans et c&rsquo;est la premi\u00e8re fois que je vois \u00e7a, c&rsquo;\u00e9taient des blessures longues et profondes\u00bb, a d\u00e9clar\u00e9 \u00e0 l&rsquo;AFP une sapeur-pompier de Nuku Hiva qui a port\u00e9 secours \u00e0 la victime. \u00abC&rsquo;est probablement li\u00e9 aux carcasses de poissons que les p\u00eacheurs jettent \u00e0 cet endroit: il y a beaucoup de requins, comme des pointes noires, des marteaux, et des citrons\u00bb, a-t-elle ajout\u00e9.<\/p>\n<p class=\"fig-paragraph\">L&rsquo;enfant a \u00e9t\u00e9 transf\u00e9r\u00e9 vers le petit h\u00f4pital de l&rsquo;\u00eele, avant d&rsquo;\u00eatre \u00e9vacu\u00e9 par avion vers le centre hospitalier de la Polyn\u00e9sie fran\u00e7aise, \u00e0 Tahiti, \u00e0 1500 km de Nuku Hiva.<\/p>\n<p class=\"fig-paragraph\">Les attaques de requins sont rares en Polyn\u00e9sie fran\u00e7aise. Les morsures concernent surtout les p\u00eacheurs sous-marins ou les personnes qui pratiquent le \u00abshark feeding\u00bb, une activit\u00e9 interdite consistant \u00e0 attirer les requins avec de la nourriture pour les observer.<\/p>\n","protected":false},"excerpt":{"rendered":"Une dizaine d\u2019enfants s\u2019amusaient vendredi \u00e0 sauter depuis le quai dans la baie de Taiohae, le principal village&hellip;\n","protected":false},"author":2,"featured_media":277305,"comment_status":"","ping_status":"","sticky":false,"template":"","format":"standard","meta":{"footnotes":""},"categories":[2],"tags":[47,1058,1054,1059,1060,1055,11,1057,118,1011,27,1061,303,12,1062,656,104,1056,809],"class_list":{"0":"post-277304","1":"post","2":"type-post","3":"status-publish","4":"format-standard","5":"has-post-thumbnail","7":"category-actualites","8":"tag-actualite","9":"tag-actualite-education","10":"tag-actualite-france","11":"tag-actualite-justice","12":"tag-actualite-securite","13":"tag-actualite-societe","14":"tag-actualites","15":"tag-education","16":"tag-faits-divers","17":"tag-fr","18":"tag-france","19":"tag-immigration","20":"tag-justice","21":"tag-news","22":"tag-polemique","23":"tag-securite","24":"tag-societe","25":"tag-societe-francaise","26":"tag-violence"},"share_on_mastodon":{"url":"https:\/\/pubeurope.com\/@fr\/114925004618174325","error":""},"_links":{"self":[{"href":"https:\/\/www.europesays.com\/fr\/wp-json\/wp\/v2\/posts\/277304","targetHints":{"allow":["GET"]}}],"collection":[{"href":"https:\/\/www.europesays.com\/fr\/wp-json\/wp\/v2\/posts"}],"about":[{"href":"https:\/\/www.europesays.com\/fr\/wp-json\/wp\/v2\/types\/post"}],"author":[{"embeddable":true,"href":"https:\/\/www.europesays.com\/fr\/wp-json\/wp\/v2\/users\/2"}],"replies":[{"embeddable":true,"href":"https:\/\/www.europesays.com\/fr\/wp-json\/wp\/v2\/comments?post=277304"}],"version-history":[{"count":0,"href":"https:\/\/www.europesays.com\/fr\/wp-json\/wp\/v2\/posts\/277304\/revisions"}],"wp:featuredmedia":[{"embeddable":true,"href":"https:\/\/www.europesays.com\/fr\/wp-json\/wp\/v2\/media\/277305"}],"wp:attachment":[{"href":"https:\/\/www.europesays.com\/fr\/wp-json\/wp\/v2\/media?parent=277304"}],"wp:term":[{"taxonomy":"category","embeddable":true,"href":"https:\/\/www.europesays.com\/fr\/wp-json\/wp\/v2\/categories?post=277304"},{"taxonomy":"post_tag","embeddable":true,"href":"https:\/\/www.europesays.com\/fr\/wp-json\/wp\/v2\/tags?post=277304"}],"curies":[{"name":"wp","href":"https:\/\/api.w.org\/{rel}","templated":true}]}}