{"id":277306,"date":"2025-07-27T11:39:38","date_gmt":"2025-07-27T11:39:38","guid":{"rendered":"https:\/\/www.europesays.com\/fr\/277306\/"},"modified":"2025-07-27T11:39:38","modified_gmt":"2025-07-27T11:39:38","slug":"saint-etienne-un-motard-de-22-ans-meurt-dans-un-accident-la-police-recherche-deux-personnes","status":"publish","type":"post","link":"https:\/\/www.europesays.com\/fr\/277306\/","title":{"rendered":"Saint-\u00c9tienne. Un motard de 22 ans meurt dans un accident, la police recherche deux personnes"},"content":{"rendered":"<p>            Par<br \/>\n        <strong><br \/>\n            <a href=\"https:\/\/actu.fr\/auteur\/julien-sournies\" title=\"Consulter tous les articles de Julien Sournies\" rel=\"nofollow noopener\" target=\"_blank\">Julien Sournies<\/a><br \/>\n        <\/strong><\/p>\n<p>        Publi\u00e9 le<\/p>\n<p>            25 juil. 2025 \u00e0 17h56        <\/p>\n<p>Un terrible drame est survenu ce jeudi 24 juillet \u00e0 <a href=\"https:\/\/actu.fr\/auvergne-rhone-alpes\/saint-etienne_42218\" rel=\"nofollow noopener\" target=\"_blank\">Saint-\u00c9tienne<\/a>. Comme annonc\u00e9 ce vendredi 25 juillet matin, un <a href=\"https:\/\/actu.fr\/auvergne-rhone-alpes\/saint-etienne_42218\/saint-etienne-un-grave-accident-se-produit-dans-cette-rue-un-homme-en-urgence-absolue_62955951.html\" rel=\"nofollow noopener\" target=\"_blank\">accident de la circulation<\/a> impliquant une voiture et une moto s\u2019est produit dans la rue Jean-Rostand aux alentours de 19 heures hier soir.<\/p>\n<p class=\" wall-content\">\u00c0 l\u2019arriv\u00e9e des secours, le motard a \u00e9t\u00e9 retrouv\u00e9 dans un \u00e9tat critique avant d\u2019\u00eatre transport\u00e9 en urgence absolue aux urgences de l\u2019h\u00f4pital Nord. Seulement, quelques heures apr\u00e8s son transfert, le motard, \u00e2g\u00e9 de 22\u00a0ans, est finalement <strong>d\u00e9c\u00e9d\u00e9<\/strong> des suites de ses blessures, r\u00e9v\u00e8lent nos confr\u00e8res du <a href=\"https:\/\/c.leprogres.fr\/faits-divers-justice\/2025\/07\/25\/accident-a-saint-etienne-le-pilote-de-la-moto-est-decede\" rel=\"nofollow noopener\" target=\"_blank\">Progr\u00e8s<\/a>.<\/p>\n<p>La police recherche deux conductrices<\/p>\n<p class=\" wall-content\">Pour comprendre les raisons exactes de cette dramatique collision, les forces de l\u2019ordre ont donc publi\u00e9 un appel \u00e0 t\u00e9moins ce vendredi apr\u00e8s-midi.<\/p>\n<p class=\" wall-content\">\u00ab\u2009Nous recherchons des t\u00e9moins ayant pu \u00eatre pr\u00e9sents au moment des faits et plus particuli\u00e8rement <strong>deux conductrices<\/strong> se trouvant derri\u00e8re le v\u00e9hicule qui a \u00e9t\u00e9 percut\u00e9 par le motard\u2009\u00bb, alerte la police nationale de la <a href=\"https:\/\/actu.fr\/auvergne-rhone-alpes\/loire_42\" rel=\"nofollow noopener\" target=\"_blank\">Loire<\/a>.<\/p>\n<p class=\" wall-content\">\u00c0 noter qu\u2019il s\u2019agit du <strong>11e d\u00e9c\u00e8s<\/strong> sur les routes du d\u00e9partement lig\u00e9rien depuis le d\u00e9but de l\u2019ann\u00e9e.<\/p>\n<p>Si vous avez des informations permettant d\u2019aider les enqu\u00eateurs, contactez le commissariat de Saint-\u00c9tienne au 04.77.43.28.30.<\/p>\n<p class=\" wall-content\">Suivez toute l\u2019actualit\u00e9 de vos villes et m\u00e9dias favoris en vous inscrivant \u00e0 <a href=\"https:\/\/moncompte.actu.fr\" title=\"D\u00e9couvez Mon Actu\" rel=\"nofollow noopener\" data-trk=\"{&quot;cta&quot;:{&quot;action&quot;:&quot;https:\\\/\\\/moncompte.actu.fr&quot;,&quot;category&quot;:&quot;mon compte&quot;,&quot;from&quot;:&quot;article footer&quot;,&quot;name&quot;:&quot;Mon actu&quot;,&quot;type&quot;:&quot;cta&quot;}}\" target=\"_blank\">Mon Actu<\/a>.<\/p>\n","protected":false},"excerpt":{"rendered":"Par Julien Sournies Publi\u00e9 le 25 juil. 2025 \u00e0 17h56 Un terrible drame est survenu ce jeudi 24&hellip;\n","protected":false},"author":2,"featured_media":265936,"comment_status":"","ping_status":"","sticky":false,"template":"","format":"standard","meta":{"footnotes":""},"categories":[9653],"tags":[119,1111,11,2430,1777,674,118,1011,27,12,1072,25,4001],"class_list":{"0":"post-277306","1":"post","2":"type-post","3":"status-publish","4":"format-standard","5":"has-post-thumbnail","7":"category-saint-etienne","8":"tag-accident","9":"tag-actu","10":"tag-actualites","11":"tag-auvergne-rhone-alpes","12":"tag-eu","13":"tag-europe","14":"tag-faits-divers","15":"tag-fr","16":"tag-france","17":"tag-news","18":"tag-police","19":"tag-republique-francaise","20":"tag-saint-etienne"},"share_on_mastodon":{"url":"https:\/\/pubeurope.com\/@fr\/114925008583977658","error":""},"_links":{"self":[{"href":"https:\/\/www.europesays.com\/fr\/wp-json\/wp\/v2\/posts\/277306","targetHints":{"allow":["GET"]}}],"collection":[{"href":"https:\/\/www.europesays.com\/fr\/wp-json\/wp\/v2\/posts"}],"about":[{"href":"https:\/\/www.europesays.com\/fr\/wp-json\/wp\/v2\/types\/post"}],"author":[{"embeddable":true,"href":"https:\/\/www.europesays.com\/fr\/wp-json\/wp\/v2\/users\/2"}],"replies":[{"embeddable":true,"href":"https:\/\/www.europesays.com\/fr\/wp-json\/wp\/v2\/comments?post=277306"}],"version-history":[{"count":0,"href":"https:\/\/www.europesays.com\/fr\/wp-json\/wp\/v2\/posts\/277306\/revisions"}],"wp:featuredmedia":[{"embeddable":true,"href":"https:\/\/www.europesays.com\/fr\/wp-json\/wp\/v2\/media\/265936"}],"wp:attachment":[{"href":"https:\/\/www.europesays.com\/fr\/wp-json\/wp\/v2\/media?parent=277306"}],"wp:term":[{"taxonomy":"category","embeddable":true,"href":"https:\/\/www.europesays.com\/fr\/wp-json\/wp\/v2\/categories?post=277306"},{"taxonomy":"post_tag","embeddable":true,"href":"https:\/\/www.europesays.com\/fr\/wp-json\/wp\/v2\/tags?post=277306"}],"curies":[{"name":"wp","href":"https:\/\/api.w.org\/{rel}","templated":true}]}}