{"id":277307,"date":"2025-07-27T11:40:12","date_gmt":"2025-07-27T11:40:12","guid":{"rendered":"https:\/\/www.europesays.com\/fr\/277307\/"},"modified":"2025-07-27T11:40:12","modified_gmt":"2025-07-27T11:40:12","slug":"la-maison-de-sante-de-beaubrun-toujours-fermee","status":"publish","type":"post","link":"https:\/\/www.europesays.com\/fr\/277307\/","title":{"rendered":"LA MAISON DE SANT\u00c9 DE BEAUBRUN TOUJOURS FERM\u00c9E"},"content":{"rendered":"<p>                <a href=\"https:\/\/cadenceradio.fr\" target=\"_blank\" aria-label=\"Banni\u00e8re Cadence 2025\" rel=\"nofollow noopener\"><img loading=\"lazy\" decoding=\"async\" src=\"https:\/\/www.europesays.com\/fr\/wp-content\/uploads\/2025\/07\/Banniere-Cadence-2025-scaled.jpg\" alt=\"\"   width=\"2560\" height=\"738\"\/><\/a><\/p>\n<p>J\u00e9r\u00f4me Civet, install\u00e9 dans le secteur depuis quinze ans, a obtenu en 2021 le feu vert de l\u2019Agence r\u00e9gionale de sant\u00e9 pour son projet. Une structure juridique d\u00e9di\u00e9e aux soins coordonn\u00e9s a m\u00eame \u00e9t\u00e9 mise en place pour encadrer cette future collaboration m\u00e9dicale.<\/p>\n<p>L\u2019emplacement de cette future structure m\u00e9dicale a \u00e9t\u00e9 d\u00e9termin\u00e9 en octobre 2023 : d\u2019anciens bureaux mutualistes situ\u00e9s au 10 cours Buisson, derri\u00e8re le tribunal. Baptis\u00e9e Saint\u00e9 sant\u00e9 sport, cette maison de sant\u00e9 devait initialement accueillir ses premiers patients fin 2024. Mais le chantier de r\u00e9novation, \u00e0 peine entam\u00e9, s\u2019est heurt\u00e9 \u00e0 des complications techniques majeures.<\/p>\n<p>Les locaux, abandonn\u00e9s depuis plusieurs ann\u00e9es, n\u00e9cessitent des am\u00e9nagements bien plus cons\u00e9quents qu\u2019anticip\u00e9. Les normes d\u2019accessibilit\u00e9 pour les personnes \u00e0 mobilit\u00e9 r\u00e9duite et les exigences de s\u00e9curit\u00e9 pour un \u00e9tablissement recevant du public ont fait exploser le budget initial. Le cabinet d\u2019architecture a eu des difficult\u00e9s \u00e0 adapter le b\u00e2timent existant aux besoins sp\u00e9cifiques d\u2019un centre m\u00e9dical moderne.<\/p>\n<p>Un appel au secours lanc\u00e9 aux institutions<\/p>\n<p>Face \u00e0 l\u2019absence de r\u00e9ponse concernant les demandes de financements publics, notamment aupr\u00e8s de la R\u00e9gion, le porteur du projet a d\u00e9cid\u00e9 d\u2019alerter l\u2019ensemble des d\u00e9cideurs locaux. Des courriers ont \u00e9t\u00e9 adress\u00e9s aux repr\u00e9sentants r\u00e9gionaux, d\u00e9partementaux, municipaux et pr\u00e9fectoraux pour souligner le caract\u00e8re urgent de la situation. Le 30 septembre a \u00e9t\u00e9 fix\u00e9 comme date limite pour obtenir des garanties concr\u00e8tes.<\/p>\n<p>Malgr\u00e9 ces difficult\u00e9s, quinze professionnels de sant\u00e9 sont d\u00e9j\u00e0 mobilis\u00e9s et attendent avec impatience de pouvoir exercer ensemble. Cette \u00e9quipe pluridisciplinaire comprend six g\u00e9n\u00e9ralistes, trois infirmi\u00e8res, cinq kin\u00e9sith\u00e9rapeutes, une di\u00e9t\u00e9ticienne et une psychologue. Ces praticiens ont d\u00e9j\u00e0 commenc\u00e9 \u00e0 collaborer et ont \u00e9labor\u00e9 deux programmes de pr\u00e9vention, l\u2019un sur les probl\u00e8mes de poids et l\u2019autre sur le bien-\u00eatre psychologique des jeunes, tous deux approuv\u00e9s par les autorit\u00e9s sanitaires.<\/p>\n<p>Le promoteur du projet reste d\u00e9termin\u00e9 malgr\u00e9 les emb\u00fbches rencontr\u00e9es. Il souligne que cette maison de sant\u00e9 r\u00e9pond \u00e0 un besoin croissant dans le quartier et m\u00eame \u00e0 l\u2019\u00e9chelle de la ville. L\u2019objectif est de cr\u00e9er un lieu de soins innovant o\u00f9 les professionnels travailleraient en synergie sur le long terme, offrant ainsi une prise en charge globale et coordonn\u00e9e aux patients du secteur.<\/p>\n","protected":false},"excerpt":{"rendered":"J\u00e9r\u00f4me Civet, install\u00e9 dans le secteur depuis quinze ans, a obtenu en 2021 le feu vert de l\u2019Agence&hellip;\n","protected":false},"author":2,"featured_media":277308,"comment_status":"","ping_status":"","sticky":false,"template":"","format":"standard","meta":{"footnotes":""},"categories":[9653],"tags":[1111,11,2430,1777,674,1011,27,3367,12,25,4001,71],"class_list":{"0":"post-277307","1":"post","2":"type-post","3":"status-publish","4":"format-standard","5":"has-post-thumbnail","7":"category-saint-etienne","8":"tag-actu","9":"tag-actualites","10":"tag-auvergne-rhone-alpes","11":"tag-eu","12":"tag-europe","13":"tag-fr","14":"tag-france","15":"tag-loire","16":"tag-news","17":"tag-republique-francaise","18":"tag-saint-etienne","19":"tag-sante"},"share_on_mastodon":{"url":"https:\/\/pubeurope.com\/@fr\/114925012534356299","error":""},"_links":{"self":[{"href":"https:\/\/www.europesays.com\/fr\/wp-json\/wp\/v2\/posts\/277307","targetHints":{"allow":["GET"]}}],"collection":[{"href":"https:\/\/www.europesays.com\/fr\/wp-json\/wp\/v2\/posts"}],"about":[{"href":"https:\/\/www.europesays.com\/fr\/wp-json\/wp\/v2\/types\/post"}],"author":[{"embeddable":true,"href":"https:\/\/www.europesays.com\/fr\/wp-json\/wp\/v2\/users\/2"}],"replies":[{"embeddable":true,"href":"https:\/\/www.europesays.com\/fr\/wp-json\/wp\/v2\/comments?post=277307"}],"version-history":[{"count":0,"href":"https:\/\/www.europesays.com\/fr\/wp-json\/wp\/v2\/posts\/277307\/revisions"}],"wp:featuredmedia":[{"embeddable":true,"href":"https:\/\/www.europesays.com\/fr\/wp-json\/wp\/v2\/media\/277308"}],"wp:attachment":[{"href":"https:\/\/www.europesays.com\/fr\/wp-json\/wp\/v2\/media?parent=277307"}],"wp:term":[{"taxonomy":"category","embeddable":true,"href":"https:\/\/www.europesays.com\/fr\/wp-json\/wp\/v2\/categories?post=277307"},{"taxonomy":"post_tag","embeddable":true,"href":"https:\/\/www.europesays.com\/fr\/wp-json\/wp\/v2\/tags?post=277307"}],"curies":[{"name":"wp","href":"https:\/\/api.w.org\/{rel}","templated":true}]}}