{"id":277326,"date":"2025-07-27T12:01:10","date_gmt":"2025-07-27T12:01:10","guid":{"rendered":"https:\/\/www.europesays.com\/fr\/277326\/"},"modified":"2025-07-27T12:01:10","modified_gmt":"2025-07-27T12:01:10","slug":"ivre-et-sous-cocaine-le-motard-avait-insulte-plus-de-dix-minutes-un-gendarme-de-loire-atlantique","status":"publish","type":"post","link":"https:\/\/www.europesays.com\/fr\/277326\/","title":{"rendered":"Ivre et sous coca\u00efne, le motard avait insult\u00e9 \u00ab\u00a0plus de dix minutes\u00a0\u00bb un gendarme de Loire-Atlantique"},"content":{"rendered":"<p>            Par<br \/>\n        <strong><br \/>\n            <a href=\"https:\/\/actu.fr\/auteur\/journaliste-sm\" title=\"Consulter tous les articles de R\u00e9daction Clisson\" rel=\"nofollow noopener\" target=\"_blank\">R\u00e9daction Clisson<\/a><br \/>\n        <\/strong><\/p>\n<p>        Publi\u00e9 le<\/p>\n<p>            27 juil. 2025 \u00e0 13h30        <\/p>\n<p>Ce 3 novembre 2024, celui qui comparaissait 7 mois apr\u00e8s les faits avait dans un premier temps \u00e9t\u00e9 arr\u00eat\u00e9 par la gendarmerie,<a href=\"https:\/\/actu.fr\/pays-de-la-loire\/getigne_44063\" rel=\"nofollow noopener\" target=\"_blank\"> \u00e0 G\u00e9tign\u00e9.<\/a><\/p>\n<p class=\" wall-content\">Il a reconnu avoir \u00ab bu du rhum \u00bb et <b>pris \u00ab une trace de coca\u00efne<\/b> \u00bb alors qu\u2019il \u00e9tait pourtant d\u00e9j\u00e0 \u00ab sous traitement m\u00e9dicamenteux \u00bb.<\/p>\n<p class=\" wall-content\">Plac\u00e9 en garde \u00e0 vue, il avait \u00e9t\u00e9 pr\u00e9sent\u00e9 \u00e0 un m\u00e9decin, mais s\u2019\u00e9tait montr\u00e9 \u00ab virulent envers lui \u00bb.<\/p>\n<p>Une partie de la sc\u00e8ne film\u00e9e \u00e0 la cam\u00e9ra pi\u00e9ton<\/p>\n<p class=\" wall-content\">Le pr\u00e9venu de 29\u00a0ans s\u2019en \u00e9tait ensuite particuli\u00e8rement pris \u00e0 un gendarme de 19\u00a0ans qu\u2019il ne \u00ab connaissait pas \u00bb, mais qu\u2019il avait insult\u00e9 et menac\u00e9 pendant \u00ab plus de dix minutes \u00bb, selon la victime <b>qui avait film\u00e9 une partie de la sc\u00e8ne avec sa cam\u00e9ra pi\u00e9ton<\/b>.<\/p>\n<p class=\" wall-content\">\u00ab Il \u00e9tait enrag\u00e9 et d\u00e9termin\u00e9 \u00bb, s\u2019est souvenu le jeune gendarme.<\/p>\n<p>Vid\u00e9os : en ce moment sur Actu<\/p>\n<blockquote class=\"ac-article-quote wall-content\">\n<p>Je ne suis pas l\u00e0 pour m\u2019entendre dire qu\u2019il m\u2019attendra \u00e0 sa sortie de prison et qu\u2019il me mettra une balle.<\/p>\n<p>le gendarme lors de l\u2019audience au tribunal<\/p><\/blockquote>\n<p class=\" wall-content\">L\u2019officier n\u2019\u00e9tait d\u2019ailleurs pas rentr\u00e9 dans le jeu du d\u00e9linquant routier.<\/p>\n<p class=\" wall-content\">\u00ab Votre c\u00f4t\u00e9 professionnel ressort \u00bb, l\u2019a f\u00e9licit\u00e9<b> la pr\u00e9sidente du tribunal correctionnel de Nantes.<\/b><\/p>\n<p class=\" wall-content\">L\u2019avocate du gendarme \u2013 \u00ab particuli\u00e8rement touch\u00e9 \u00bb par ces insultes \u2013 avait appel\u00e9<b> la juge \u00e0 ne pas \u00ab banaliser ce type d\u2019infractions<\/b> \u00bb.<\/p>\n<p class=\" wall-content\">Elle avait aussi sollicit\u00e9 750\u00a0\u20ac de dommages et int\u00e9r\u00eats pour le \u00ab pr\u00e9judice moral \u00bb de son client.<\/p>\n<p class=\" wall-content\">Le pr\u00e9venu qui n\u2019a \u00ab pas eu une vie toute rose \u00bb, a en fait expliqu\u00e9 qu\u2019il \u00e9tait :<\/p>\n<p>Sous m\u00e9dicaments apr\u00e8s une tentative de suicide.D\u00e9j\u00e0 condamn\u00e9 pour violences sur la route<\/p>\n<p class=\" wall-content\">Il avait aussi tent\u00e9 de <b>se sevrer de la coca\u00efne au centre hospitalier de Cholet <\/b>mais il avait \u00ab rechut\u00e9 \u00bb.<\/p>\n<p class=\" wall-content\">Son casier judiciaire comportait d\u00e9j\u00e0 cinq mentions et il avait r\u00e9cemment \u00e9t\u00e9 condamn\u00e9, en f\u00e9vrier 2025, pour des \u00ab violences \u00bb avec un automobiliste qui l\u2019avait \u00ab doubl\u00e9 \u00bb alors qu\u2019il \u00ab sortait du travail \u00bb.<\/p>\n<p class=\" wall-content\">Le procureur de la R\u00e9publique a toutefois rappel\u00e9 que le motard roulait avec 1,44 gramme d\u2019alcool par litre de sang et qu\u2019il avait :<\/p>\n<blockquote class=\"ac-article-quote wall-content\">\n<p>D\u00e9j\u00e0 \u00e9t\u00e9 condamn\u00e9 pour conduite sous stup\u00e9fiants.<\/p>\n<p>Le procureur de la R\u00e9publique<\/p><\/blockquote>\n<p>\u00ab\u00a0Il a disjonct\u00e9\u00a0\u00bb<\/p>\n<p class=\" wall-content\">Soulignant le \u00ab degr\u00e9 de violence atteint \u00bb, il avait requis huit mois de prison ferme, <b>l\u2019annulation du permis de conduire<\/b> et l\u2019interdiction de le repasser pendant un an.<\/p>\n<p class=\" wall-content\">L\u2019avocat de la d\u00e9fense avait pour sa part d\u00e9crit \u00ab un gar\u00e7on fragile mais avec un bon fond \u00bb, \u00ab pas hostile, pas m\u00e9chant \u00bb et qui ne s\u2019\u00e9tait \u00ab jamais fait conna\u00eetre pour des r\u00e9bellions \u00bb. \u00ab Ce jour-l\u00e0, il ne savait m\u00eame pas o\u00f9 il allait \u00bb, avait-il soulign\u00e9 \u00e0 propos de ces \u00ab faits isol\u00e9s \u00bb.<\/p>\n<blockquote class=\"ac-article-quote wall-content\">\n<p>Il est parti avec sa moto sur une route vaguement oppos\u00e9e \u00e0 celle qu\u2019il devait prendre et s\u2019est retrouv\u00e9 hors de contr\u00f4le. Il a disjonct\u00e9.<\/p>\n<p>L\u2019avocat de la d\u00e9fense<\/p><\/blockquote>\n<p class=\" wall-content\">Le <b>tribunal correctionnel de Nantes<\/b> a tout de m\u00eame inflig\u00e9 six mois de prison ferme sans am\u00e9nagement imm\u00e9diat.<\/p>\n<p class=\" wall-content\">Son permis de conduire a aussi \u00e9t\u00e9 annul\u00e9 et il devra verser 750 \u20ac de dommages et int\u00e9r\u00eats et 800 \u20ac de frais de justice au gendarme.<\/p>\n<p class=\" wall-content\">Suivez toute l\u2019actualit\u00e9 de vos villes et m\u00e9dias favoris en vous inscrivant \u00e0 <a href=\"https:\/\/moncompte.actu.fr\" title=\"D\u00e9couvez Mon Actu\" rel=\"nofollow noopener\" data-trk=\"{&quot;cta&quot;:{&quot;action&quot;:&quot;https:\\\/\\\/moncompte.actu.fr&quot;,&quot;category&quot;:&quot;mon compte&quot;,&quot;from&quot;:&quot;article footer&quot;,&quot;name&quot;:&quot;Mon actu&quot;,&quot;type&quot;:&quot;cta&quot;}}\" target=\"_blank\">Mon Actu<\/a>.<\/p>\n","protected":false},"excerpt":{"rendered":"Par R\u00e9daction Clisson Publi\u00e9 le 27 juil. 2025 \u00e0 13h30 Ce 3 novembre 2024, celui qui comparaissait 7&hellip;\n","protected":false},"author":2,"featured_media":277327,"comment_status":"","ping_status":"","sticky":false,"template":"","format":"standard","meta":{"footnotes":""},"categories":[2818],"tags":[1111,11,1777,674,1011,27,303,1457,766,12,2636,25,104],"class_list":{"0":"post-277326","1":"post","2":"type-post","3":"status-publish","4":"format-standard","5":"has-post-thumbnail","7":"category-nantes","8":"tag-actu","9":"tag-actualites","10":"tag-eu","11":"tag-europe","12":"tag-fr","13":"tag-france","14":"tag-justice","15":"tag-moto","16":"tag-nantes","17":"tag-news","18":"tag-pays-de-la-loire","19":"tag-republique-francaise","20":"tag-societe"},"share_on_mastodon":{"url":"https:\/\/pubeurope.com\/@fr\/114925095486886783","error":""},"_links":{"self":[{"href":"https:\/\/www.europesays.com\/fr\/wp-json\/wp\/v2\/posts\/277326","targetHints":{"allow":["GET"]}}],"collection":[{"href":"https:\/\/www.europesays.com\/fr\/wp-json\/wp\/v2\/posts"}],"about":[{"href":"https:\/\/www.europesays.com\/fr\/wp-json\/wp\/v2\/types\/post"}],"author":[{"embeddable":true,"href":"https:\/\/www.europesays.com\/fr\/wp-json\/wp\/v2\/users\/2"}],"replies":[{"embeddable":true,"href":"https:\/\/www.europesays.com\/fr\/wp-json\/wp\/v2\/comments?post=277326"}],"version-history":[{"count":0,"href":"https:\/\/www.europesays.com\/fr\/wp-json\/wp\/v2\/posts\/277326\/revisions"}],"wp:featuredmedia":[{"embeddable":true,"href":"https:\/\/www.europesays.com\/fr\/wp-json\/wp\/v2\/media\/277327"}],"wp:attachment":[{"href":"https:\/\/www.europesays.com\/fr\/wp-json\/wp\/v2\/media?parent=277326"}],"wp:term":[{"taxonomy":"category","embeddable":true,"href":"https:\/\/www.europesays.com\/fr\/wp-json\/wp\/v2\/categories?post=277326"},{"taxonomy":"post_tag","embeddable":true,"href":"https:\/\/www.europesays.com\/fr\/wp-json\/wp\/v2\/tags?post=277326"}],"curies":[{"name":"wp","href":"https:\/\/api.w.org\/{rel}","templated":true}]}}