{"id":277332,"date":"2025-07-27T12:04:44","date_gmt":"2025-07-27T12:04:44","guid":{"rendered":"https:\/\/www.europesays.com\/fr\/277332\/"},"modified":"2025-07-27T12:04:44","modified_gmt":"2025-07-27T12:04:44","slug":"les-infos-mercato-de-la-semaine","status":"publish","type":"post","link":"https:\/\/www.europesays.com\/fr\/277332\/","title":{"rendered":"les infos mercato de la semaine"},"content":{"rendered":"<p>  <strong>Etranger\u00a0: Le Chalonnais Zinedine Sassi rejoint le Al-Ahli SC<\/strong><\/p>\n<p>Zinedine Sassi change de club en cette p\u00e9riode de mercato. Le d\u00e9fenseur originaire de Chalon reste au Qatar mais grimpe d\u2019une division. <a href=\"https:\/\/www.lejsl.com\/sport\/2025\/02\/20\/le-defenseur-chalonnais-zinedine-sassi-s-engage-au-qatar\" target=\"_blank\" rel=\"nofollow noopener\">Joueur du Al-Waab SC, club de D2 qatarie, depuis f\u00e9vrier 2025<\/a>, le Sa\u00f4ne-et-Loirien de 21 ans va d\u00e9couvrir la premi\u00e8re division appel\u00e9e Stars League. Il s\u2019est en effet engag\u00e9 avec le Al-Ahli SC, 4e du dernier championnat du Qatar.<\/p>\n<p>Il rejoint ainsi le doyen des clubs qataris vainqueur de quatre Coupes du Qatar et devrait notamment avoir pour co\u00e9quipier l\u2019ex-milieu allemand du PSG Julian Draxler. Zinedine Sassi a paraph\u00e9 un contrat de cinq ans avec Al-Ahli.<\/p>\n<p>Ce contenu est bloqu\u00e9 car vous n&rsquo;avez pas accept\u00e9 les cookies et autres traceurs.<\/p>\n<p>En cliquant sur \u00ab J\u2019accepte \u00bb, les cookies et autres traceurs seront d\u00e9pos\u00e9s et vous pourrez visualiser les contenus  (<a href=\"\" class=\"consentModule_policy\" target=\"_blank\" title=\"Consulter la politique de protection des donn\u00e9es du fournisseur\">plus d&rsquo;informations<\/a>).<\/p>\n<p>En cliquant sur \u00ab J\u2019accepte tous les cookies \u00bb, vous autorisez des d\u00e9p\u00f4ts de cookies et autres traceurs pour le stockage de vos donn\u00e9es sur nos sites et applications \u00e0 des fins de personnalisation et de ciblage publicitaire.<\/p>\n<p class=\"consentModule_secondaryText\">Vous gardez la possibilit\u00e9 de retirer votre consentement \u00e0 tout moment en consultant notre <a href=\"https:\/\/www.lejsl.com\/protection-des-donnees\" target=\"_blank\" title=\"Consulter notre politique de protection des donn\u00e9es\" rel=\"nofollow noopener\">politique de protection des donn\u00e9es<\/a>. <br \/>&#13;<br \/>\n            <a href=\"https:\/\/www.lejsl.com\/sport\/2025\/07\/24\/javascript:Didomi.notice.show()\" class=\"consentModule_cmp\" rel=\"nofollow noopener\" target=\"_blank\">G\u00e9rer mes choix<\/a>&#13;\n        <\/p>\n<p>&#13;<br \/>\n                        J&rsquo;accepte&#13;<br \/>\n            J&rsquo;accepte tous les cookies&#13;\n        <\/p>\n<p>  <strong>N2\u00a0: Le Digoinais Marius Zampa de retour \u00e0 N\u00eemes<\/strong><\/p>\n<p>Marius Zampa est de nouveau Croco. <a href=\"https:\/\/www.lejsl.com\/sport\/2022\/10\/05\/marius-zampa-le-p-tit-digoinais-devenu-croco-nimois\" target=\"_blank\" rel=\"nofollow noopener\">Joueur du N\u00eemes Olympique entre 2021 et 2023<\/a>, avec qui il avait fait ses premi\u00e8res apparitions en Ligue 2 \u00e0 l\u2019\u00e9poque, Marius Zampa va retrouver le club gardois en 2025-26. Le d\u00e9sormais ex-milieu forgeron \u00e2g\u00e9 de 21 ans fait en effet partie des recrues annonc\u00e9es par le NO la semaine derni\u00e8re. Un N\u00eemes Olympique qui avait \u00e9t\u00e9 r\u00e9trograd\u00e9 par la DNCG en juin avant d\u2019\u00eatre finalement rep\u00each\u00e9 en N2 en juillet apr\u00e8s sa reprise par un nouveau collectif d\u2019investisseurs. Dans le Gard, Zampa retrouvera quelques noms connus pass\u00e9s par la Sa\u00f4ne-et-Loire, notamment les anciens Louhannais Diaby Doucour\u00e9, Vincent Pires, Othmane Benhamza, ou encore Alpha Kubota.<\/p>\n<p>A Gueugnon, Marius Zampa sera notamment remplac\u00e9 au milieu par un joueur au morphotype similaire, en l\u2019occurrence <a href=\"https:\/\/www.facebook.com\/FCGueugnon\/posts\/pfbid0T4k1VUrvpKifuojVNb5tDxhFnuqAwUuwSVZZ47mJvw9XGueG2rTGn9q2apQ1GHGWl\" target=\"_blank\" rel=\"nofollow noopener\">Enzo Germain<\/a>. L\u2019ex-Bourbonnien fait partie des nombreux renforts annonc\u00e9s par le FCG, avec Omar Wade, Maxime Lafay, Andrea Gambetta, Kevin Dupasquier et Ryan Hamitouche.<\/p>\n<p>Ce contenu est bloqu\u00e9 car vous n&rsquo;avez pas accept\u00e9 les cookies et autres traceurs.<\/p>\n<p>En cliquant sur \u00ab J\u2019accepte \u00bb, les cookies et autres traceurs seront d\u00e9pos\u00e9s et vous pourrez visualiser les contenus  (<a href=\"\" class=\"consentModule_policy\" target=\"_blank\" title=\"Consulter la politique de protection des donn\u00e9es du fournisseur\">plus d&rsquo;informations<\/a>).<\/p>\n<p>En cliquant sur \u00ab J\u2019accepte tous les cookies \u00bb, vous autorisez des d\u00e9p\u00f4ts de cookies et autres traceurs pour le stockage de vos donn\u00e9es sur nos sites et applications \u00e0 des fins de personnalisation et de ciblage publicitaire.<\/p>\n<p class=\"consentModule_secondaryText\">Vous gardez la possibilit\u00e9 de retirer votre consentement \u00e0 tout moment en consultant notre <a href=\"https:\/\/www.lejsl.com\/protection-des-donnees\" target=\"_blank\" title=\"Consulter notre politique de protection des donn\u00e9es\" rel=\"nofollow noopener\">politique de protection des donn\u00e9es<\/a>. <br \/>&#13;<br \/>\n            <a href=\"https:\/\/www.lejsl.com\/sport\/2025\/07\/24\/javascript:Didomi.notice.show()\" class=\"consentModule_cmp\" rel=\"nofollow noopener\" target=\"_blank\">G\u00e9rer mes choix<\/a>&#13;\n        <\/p>\n<p>&#13;<br \/>\n                        J&rsquo;accepte&#13;<br \/>\n            J&rsquo;accepte tous les cookies&#13;\n        <\/p>\n<p>  <strong>R2\u00a0: Michel Bradaia, nouveau coach de la r\u00e9serve de Louhans-Cuiseaux<\/strong><\/p>\n<p>Rel\u00e9gu\u00e9e en R2 \u00e0 l\u2019issue de la saison derni\u00e8re, la r\u00e9serve de Louhans-Cuiseaux a un nouvel entra\u00eeneur. Il s\u2019agit de Michel Bradaia (53 ans). Ancien joueur du club bressan entre 1998 et 2001, Michel Bradaia restait sur une derni\u00e8re exp\u00e9rience en <a href=\"https:\/\/www.charentelibre.fr\/sport\/football\/bradaia-pour-entretenir-la-flamme-12589085.php\" target=\"_blank\" rel=\"nofollow noopener\">D1 f\u00e9minine du c\u00f4t\u00e9 de Soyaux en 2022-23<\/a>, qu\u2019il avait rejoint en cours de saison apr\u00e8s avoir quitt\u00e9 le banc du M\u00e2con FC. Il aura pour mission de relancer l\u2019\u00e9quipe B louhannaise qui sort d\u2019un exercice d\u00e9licat termin\u00e9 \u00e0 la derni\u00e8re place avec 2 victoires en 26 matches. Les r\u00e9servistes du LCFC reprendront l\u2019entra\u00eenement le 4 ao\u00fbt.<\/p>\n<p>Louhans-Cuiseaux a par ailleurs officialis\u00e9 plusieurs de ses recrues pour son \u00e9quipe premi\u00e8re. Parmi elles, on retrouve notamment Rehda Mahaya, milieu de 20 ans (ex-Reims Sainte-Anne, R1), Adam Bayama, d\u00e9fenseur de 26 ans (ex-Sporting Nord Is\u00e8re, R1), Yacine Rezig, milieu de 23 ans pass\u00e9 par le PSG et derni\u00e8rement Les Mureaux (R1), et Billy Modeste, d\u00e9fenseur central de 37 ans et ex-joueur pro (ex-Sarreguemines, N3).<\/p>\n<p>Ce contenu est bloqu\u00e9 car vous n&rsquo;avez pas accept\u00e9 les cookies et autres traceurs.<\/p>\n<p>En cliquant sur \u00ab J\u2019accepte \u00bb, les cookies et autres traceurs seront d\u00e9pos\u00e9s et vous pourrez visualiser les contenus  (<a href=\"\" class=\"consentModule_policy\" target=\"_blank\" title=\"Consulter la politique de protection des donn\u00e9es du fournisseur\">plus d&rsquo;informations<\/a>).<\/p>\n<p>En cliquant sur \u00ab J\u2019accepte tous les cookies \u00bb, vous autorisez des d\u00e9p\u00f4ts de cookies et autres traceurs pour le stockage de vos donn\u00e9es sur nos sites et applications \u00e0 des fins de personnalisation et de ciblage publicitaire.<\/p>\n<p class=\"consentModule_secondaryText\">Vous gardez la possibilit\u00e9 de retirer votre consentement \u00e0 tout moment en consultant notre <a href=\"https:\/\/www.lejsl.com\/protection-des-donnees\" target=\"_blank\" title=\"Consulter notre politique de protection des donn\u00e9es\" rel=\"nofollow noopener\">politique de protection des donn\u00e9es<\/a>. <br \/>&#13;<br \/>\n            <a href=\"https:\/\/www.lejsl.com\/sport\/2025\/07\/24\/javascript:Didomi.notice.show()\" class=\"consentModule_cmp\" rel=\"nofollow noopener\" target=\"_blank\">G\u00e9rer mes choix<\/a>&#13;\n        <\/p>\n<p>&#13;<br \/>\n                        J&rsquo;accepte&#13;<br \/>\n            J&rsquo;accepte tous les cookies&#13;\n        <\/p>\n<p>  R1\u00a0: Gr\u00e2ce Lalaye revient au FC Montceau<\/p>\n<p>Form\u00e9 au FCMB, puis pass\u00e9 par le p\u00f4le espoirs de Dijon avant de rejoindre le centre de formation du Clermont Foot puis d\u2019Orl\u00e9ans, Gr\u00e2ce Espoir Lalaye revient au bercail. L\u2019attaquant de 19 ans, <a href=\"https:\/\/www.lejsl.com\/sport\/2021\/04\/05\/grace-espoir-lalaye-porte-plutot-bien-son-prenom\" target=\"_blank\" rel=\"nofollow noopener\">membre de la talentueuse g\u00e9n\u00e9ration 2006 dont il \u00e9tait le premier \u00e0 s\u2019engager avec un club pro<\/a>, fait en effet son retour quatre ans apr\u00e8s avoir quitt\u00e9 le club montcellien. L\u2019an pass\u00e9, il avait disput\u00e9 six matches avec les U19 nationaux d\u2019Orl\u00e9ans. Il est la premi\u00e8re recrue du FC Montceau qui a engag\u00e9 depuis St\u00e9phane Tchangodei, milieu de 20 ans pass\u00e9 par le centre de formation du FC Nantes et arriv\u00e9 en provenance de Bourgoin-Jallieu. \u00a0<\/p>\n<p>Ce contenu est bloqu\u00e9 car vous n&rsquo;avez pas accept\u00e9 les cookies et autres traceurs.<\/p>\n<p>En cliquant sur \u00ab J\u2019accepte \u00bb, les cookies et autres traceurs seront d\u00e9pos\u00e9s et vous pourrez visualiser les contenus  (<a href=\"\" class=\"consentModule_policy\" target=\"_blank\" title=\"Consulter la politique de protection des donn\u00e9es du fournisseur\">plus d&rsquo;informations<\/a>).<\/p>\n<p>En cliquant sur \u00ab J\u2019accepte tous les cookies \u00bb, vous autorisez des d\u00e9p\u00f4ts de cookies et autres traceurs pour le stockage de vos donn\u00e9es sur nos sites et applications \u00e0 des fins de personnalisation et de ciblage publicitaire.<\/p>\n<p class=\"consentModule_secondaryText\">Vous gardez la possibilit\u00e9 de retirer votre consentement \u00e0 tout moment en consultant notre <a href=\"https:\/\/www.lejsl.com\/protection-des-donnees\" target=\"_blank\" title=\"Consulter notre politique de protection des donn\u00e9es\" rel=\"nofollow noopener\">politique de protection des donn\u00e9es<\/a>. <br \/>&#13;<br \/>\n            <a href=\"https:\/\/www.lejsl.com\/sport\/2025\/07\/24\/javascript:Didomi.notice.show()\" class=\"consentModule_cmp\" rel=\"nofollow noopener\" target=\"_blank\">G\u00e9rer mes choix<\/a>&#13;\n        <\/p>\n<p>&#13;<br \/>\n                        J&rsquo;accepte&#13;<br \/>\n            J&rsquo;accepte tous les cookies&#13;\n        <\/p>\n<p>  N2 \u00a0: Plusieurs ex-Sa\u00f4ne-et-Loiriens aux Girondins de Bordeaux<\/p>\n<p>M\u00eame si les Girondins de Bordeaux ont perdu de leur superbe depuis leur r\u00e9trogradation en N2, le club girondin reste un grand club du foot fran\u00e7ais. Un monument que plusieurs ex-joueurs de Sa\u00f4ne-et-Loire ont rejoint durant ce mercato d\u2019\u00e9t\u00e9. Parmi eux figurent ainsi Dava David Agossa, gardien de but de Gueugnon ces six derniers mois, Fa\u00efssal Mannai, milieu offensif tunisien pass\u00e9 par Montceau entre 2016 et 2018, ou encore Adrian Sahibeddine, entrevu \u00e0 Louhans-Cuiseaux la saison derni\u00e8re. R\u00e9cemment, <a href=\"https:\/\/www.lejsl.com\/sport\/2025\/02\/07\/nacim-el-hassani-le-nouveau-metronome-de-l-uf-maconnais-qui-recoit-chambery\" target=\"_blank\" rel=\"nofollow noopener\">Nacim El Hassani<\/a>, milieu de terrain de l\u2019UF M\u00e2connais l\u2019an pass\u00e9, a \u00e9t\u00e9 mis \u00e0 l\u2019essai par les Bordelais, mais n\u2019aurait finalement pas \u00e9t\u00e9 conserv\u00e9. \u00a0<\/p>\n<p>Ce contenu est bloqu\u00e9 car vous n&rsquo;avez pas accept\u00e9 les cookies et autres traceurs.<\/p>\n<p>En cliquant sur \u00ab J\u2019accepte \u00bb, les cookies et autres traceurs seront d\u00e9pos\u00e9s et vous pourrez visualiser les contenus  (<a href=\"\" class=\"consentModule_policy\" target=\"_blank\" title=\"Consulter la politique de protection des donn\u00e9es du fournisseur\">plus d&rsquo;informations<\/a>).<\/p>\n<p>En cliquant sur \u00ab J\u2019accepte tous les cookies \u00bb, vous autorisez des d\u00e9p\u00f4ts de cookies et autres traceurs pour le stockage de vos donn\u00e9es sur nos sites et applications \u00e0 des fins de personnalisation et de ciblage publicitaire.<\/p>\n<p class=\"consentModule_secondaryText\">Vous gardez la possibilit\u00e9 de retirer votre consentement \u00e0 tout moment en consultant notre <a href=\"https:\/\/www.lejsl.com\/protection-des-donnees\" target=\"_blank\" title=\"Consulter notre politique de protection des donn\u00e9es\" rel=\"nofollow noopener\">politique de protection des donn\u00e9es<\/a>. <br \/>&#13;<br \/>\n            <a href=\"https:\/\/www.lejsl.com\/sport\/2025\/07\/24\/javascript:Didomi.notice.show()\" class=\"consentModule_cmp\" rel=\"nofollow noopener\" target=\"_blank\">G\u00e9rer mes choix<\/a>&#13;\n        <\/p>\n<p>&#13;<br \/>\n                        J&rsquo;accepte&#13;<br \/>\n            J&rsquo;accepte tous les cookies&#13;\n        <\/p>\n","protected":false},"excerpt":{"rendered":"Etranger\u00a0: Le Chalonnais Zinedine Sassi rejoint le Al-Ahli SC Zinedine Sassi change de club en cette p\u00e9riode de&hellip;\n","protected":false},"author":2,"featured_media":277333,"comment_status":"","ping_status":"","sticky":false,"template":"","format":"standard","meta":{"footnotes":""},"categories":[2817],"tags":[1111,11,1997,11030,11031,40750,40751,6238,11032,3895,3718,12568,1777,674,41644,41645,63,1011,27,39333,41647,6236,17760,41646,12566,14000,12,2219,25,6003,517],"class_list":{"0":"post-277332","1":"post","2":"type-post","3":"status-publish","4":"format-standard","5":"has-post-thumbnail","7":"category-bordeaux","8":"tag-actu","9":"tag-actualites","10":"tag-bordeaux","11":"tag-chalon","12":"tag-chalon-bassin","13":"tag-digoin","14":"tag-digoin-bassin","15":"tag-edition-bresse","16":"tag-edition-chalon-sur-saone","17":"tag-edition-charolais-brionnais","18":"tag-edition-macon","19":"tag-edition-montceau-les-mines","20":"tag-eu","21":"tag-europe","22":"tag-fc-gueugnon-football","23":"tag-fc-montceau-bourgogne-football","24":"tag-football","25":"tag-fr","26":"tag-france","27":"tag-gueugnon","28":"tag-gueugnon-bassin","29":"tag-louhans","30":"tag-louhans-bassin","31":"tag-louhans-cuiseaux-fc-football","32":"tag-montceau-les-mines","33":"tag-montceau-les-mines-bassin","34":"tag-news","35":"tag-nouvelle-aquitaine","36":"tag-republique-francaise","37":"tag-saone-et-loire","38":"tag-sport"},"share_on_mastodon":{"url":"","error":"Validation failed: Text character limit of 500 exceeded"},"_links":{"self":[{"href":"https:\/\/www.europesays.com\/fr\/wp-json\/wp\/v2\/posts\/277332","targetHints":{"allow":["GET"]}}],"collection":[{"href":"https:\/\/www.europesays.com\/fr\/wp-json\/wp\/v2\/posts"}],"about":[{"href":"https:\/\/www.europesays.com\/fr\/wp-json\/wp\/v2\/types\/post"}],"author":[{"embeddable":true,"href":"https:\/\/www.europesays.com\/fr\/wp-json\/wp\/v2\/users\/2"}],"replies":[{"embeddable":true,"href":"https:\/\/www.europesays.com\/fr\/wp-json\/wp\/v2\/comments?post=277332"}],"version-history":[{"count":0,"href":"https:\/\/www.europesays.com\/fr\/wp-json\/wp\/v2\/posts\/277332\/revisions"}],"wp:featuredmedia":[{"embeddable":true,"href":"https:\/\/www.europesays.com\/fr\/wp-json\/wp\/v2\/media\/277333"}],"wp:attachment":[{"href":"https:\/\/www.europesays.com\/fr\/wp-json\/wp\/v2\/media?parent=277332"}],"wp:term":[{"taxonomy":"category","embeddable":true,"href":"https:\/\/www.europesays.com\/fr\/wp-json\/wp\/v2\/categories?post=277332"},{"taxonomy":"post_tag","embeddable":true,"href":"https:\/\/www.europesays.com\/fr\/wp-json\/wp\/v2\/tags?post=277332"}],"curies":[{"name":"wp","href":"https:\/\/api.w.org\/{rel}","templated":true}]}}