{"id":277334,"date":"2025-07-27T12:05:16","date_gmt":"2025-07-27T12:05:16","guid":{"rendered":"https:\/\/www.europesays.com\/fr\/277334\/"},"modified":"2025-07-27T12:05:16","modified_gmt":"2025-07-27T12:05:16","slug":"en-images-toulouse-le-musee-des-augustins-expose-ses-statues-dans-la-ville-voici-ou-les-trouver","status":"publish","type":"post","link":"https:\/\/www.europesays.com\/fr\/277334\/","title":{"rendered":"EN IMAGES. Toulouse. Le mus\u00e9e des Augustins expose ses statues dans la ville : voici o\u00f9 les trouver"},"content":{"rendered":"<p>            Par<br \/>\n        <strong><br \/>\n            <a href=\"https:\/\/actu.fr\/auteur\/nina-hossein-zadeh\" title=\"Consulter tous les articles de Nina Hossein-Zadeh\" target=\"_blank\" rel=\"noopener\">Nina Hossein-Zadeh<\/a><br \/>\n        <\/strong><\/p>\n<p>        Publi\u00e9 le<\/p>\n<p>            27 juil. 2025 \u00e0 13h02        <\/p>\n<p>Le <strong>mus\u00e9e des Augustins<\/strong> affiche portes closes depuis le lancement des travaux en 2018. R\u00e9novation de la toiture, <a href=\"https:\/\/actu.fr\/occitanie\/toulouse_31555\/toulouse-la-nouvelle-facade-des-augustins-un-magnifique-mur-a-tags-elle-dechaine-encore-les-passions_62935682.html\" target=\"_blank\" rel=\"noopener\">nouvelle espace d\u2019entr\u00e9e et nouvelle fa\u00e7ade<\/a>, l\u2019\u00e9tablissement a d\u00e9j\u00e0 chang\u00e9 de look. En attendant de d\u00e9couvrir les expositions et collections du mus\u00e9e d\u2019ici la r\u00e9ouverture, <strong>le mus\u00e9e<\/strong>\u00a0a pris le temps de<strong> faire les r\u00e9pliques de certaines de ses statues et gargouilles\u2026<\/strong> pour les dispatcher dans les rues de <a href=\"https:\/\/actu.fr\/toulouse\/\" target=\"_blank\" rel=\"noopener\"><strong>Toulouse<\/strong><\/a>\u2009! Amateurs d\u2019art et balade culturelle, voici un itin\u00e9raire tout trac\u00e9 pour aller \u00e0 leur rencontre.<\/p>\n<p>Mus\u00e9e des Augustins ferm\u00e9\u2009? La visite se fait dans la ville<\/p>\n<p class=\" wall-content\">C\u2019est en <strong>bande dessin\u00e9e<\/strong> que le mus\u00e9e des Augustins a annonc\u00e9 la bonne nouvelle. Sur les plaques, partag\u00e9es sur Instagram, <strong>Isabelle B\u00e2lon-Barberis<\/strong>, guide conf\u00e9renci\u00e8re au mus\u00e9e, y est repr\u00e9sent\u00e9e. Elle interpelle des touristes, bloqu\u00e9s devant les portes ferm\u00e9es du mus\u00e9e en travaux.<\/p>\n<p class=\" wall-content\">\u00ab\u2009Mais peut-\u00eatre que <strong>vous ignoriez qu\u2019on peut d\u00e9couvrir certaines de nos \u0153uvres <\/strong>en ext\u00e9rieur\u2009?\u2009\u00bb, peut-on lire sur l\u2019\u0153uvre de <strong>Fr\u00e9d\u00e9ric Maupom\u00e9<\/strong> et <strong>Gom<\/strong>. En effet, le mus\u00e9e a souhait\u00e9 d\u00e9corer la ville de Toulouse de ses \u0153uvres et en faire un petit itin\u00e9raire de visite\u2026<\/p>\n<p class=\" wall-content\"><a href=\"https:\/\/www.instagram.com\/p\/DMdN1jaofGN\/embed\" title=\"Ouvrir le lien sur Instagram\" target=\"_blank\" rel=\"noopener\">Visualiser le contenu sur Instagram<\/a><\/p>\n<p>Hercule, Chloris\u2026 Les \u0153uvres \u00e0 d\u00e9couvrir<\/p>\n<p class=\" wall-content\">L\u2019occasion de se pavaner dans les rues de la Ville rose, tout en se cultivant. Les visiteurs pourront marcher en direction <strong>d\u2019Hercule enfant.<\/strong> Cette sculpture de Sylvestre Clerc repr\u00e9sente le petit Hercule, portant avec sa force titanesque un serpent bien plus grand que lui\u2026<\/p>\n<p>    <img   decoding=\"async\" loading=\"lazy\" src=\"https:\/\/www.europesays.com\/fr\/wp-content\/uploads\/2025\/07\/allees-francois-960x640.jpg\" alt=\"Hercule enfant, r\u00e9plique d'une statue du mus\u00e9e des Augustins.\" width=\"960\" height=\"640\"\/><br \/>\n    Hercule enfant, r\u00e9plique d\u2019une statue du mus\u00e9e des Augustins sur les All\u00e9es Fr\u00e9d\u00e9ric Mistral. (\u00a9Nina Hossein-Zadeh \/ Actu Toulouse)<\/p>\n<p class=\" wall-content\">Majestueuse,<strong> la Femme au paon,<\/strong> de Jean-Alexandre-Joseph Falguiere est \u00e9galement \u00e0 d\u00e9couvrir. Sur le parcours, on se laisse aussi \u00e9merveiller par la gr\u00e2ce de <strong>Chloris<\/strong>, une sculpture de Jean-Jacques Pradier.<\/p>\n<p>    <img   decoding=\"async\" loading=\"lazy\" src=\"https:\/\/www.europesays.com\/fr\/wp-content\/uploads\/2025\/07\/jardin-des-plantes-960x640.jpg\" alt=\"Chloris au jardin des Plantes de Toulouse.\" width=\"960\" height=\"640\"\/><br \/>\n    Chloris au jardin des Plantes de Toulouse. (\u00a9Nina Hossein-Zadeh \/ Actu Toulouse)<\/p>\n<p class=\" wall-content\">Et pour couronner le tout, <strong>plusieurs gargouilles<\/strong> du mus\u00e9e sont \u00e9galement expos\u00e9es dans une rue de Toulouse\u2026 Mais o\u00f9 les trouver\u2009?<\/p>\n<p>    <img   decoding=\"async\" loading=\"lazy\" src=\"https:\/\/www.europesays.com\/fr\/wp-content\/uploads\/2025\/07\/rue-saint-jerom-960x640.jpg\" alt=\"Les gargouilles, rue Saint-J\u00e9r\u00f4me, en plein centre-ville...\" width=\"960\" height=\"640\"\/><br \/>\n    Les gargouilles, rue Saint-J\u00e9r\u00f4me, en plein centre-ville\u2026 (\u00a9Nina Hossein-Zadeh \/ Actu Toulouse)Rues et jardins o\u00f9 retrouver les sculptures<\/p>\n<p class=\" wall-content\">L\u2019itin\u00e9raire prend racine sur les <strong>All\u00e9es Fr\u00e9d\u00e9ric Mistral<\/strong>. Puis, la visite se poursuit \u00e0 proximit\u00e9 dans les jardins du quartier. C\u2019est au<strong> Jardin des Plantes<\/strong> et au <strong>Grand Rond<\/strong> que sont expos\u00e9es d\u2019autres sculptures.<\/p>\n<p class=\" wall-content\">En remontant vers le Capitole, il faudra faire une halte <strong>rue Saint-J\u00e9r\u00f4me<\/strong>\u2026 Avant de terminer la visite au <strong>Jardin de Compans.<\/strong> Une d\u00e9ambulation pour visiter Toulouse autrement.<\/p>\n<p>    <img   decoding=\"async\" loading=\"lazy\" src=\"https:\/\/www.europesays.com\/fr\/wp-content\/uploads\/2025\/07\/grand-rond-960x640.jpg\" alt=\"Pleins de sculptures sont \u00e0 d\u00e9couvrir dans les jardins du Grand Rond, des Plantes et de Compans.\" width=\"960\" height=\"640\"\/><br \/>\n    Plein de sculptures sont \u00e0 d\u00e9couvrir dans les jardins du Grand Rond, des Plantes et de Compans. (\u00a9Nina Hossein-Zadeh \/ Actu Toulouse)<\/p>\n<p class=\" wall-content\">Pour effectuer la visite \u00e0 pied, et relier chaque point d\u2019\u00e9tape, voici l\u2019itin\u00e9raire\u2009:<\/p>\n<p>    <a href=\"https:\/\/www.google.com\/maps\/d\/embed?mid=1b5-uNKErCCLEyKic3MAeMLyyAETKYhY&amp;ehbc=2E312F\" title=\"Ouvrie le lien\" target=\"_blank\" rel=\"noopener\">Cliquez ici pour visualiser le contenu<\/a><\/p>\n<p class=\" wall-content\">Suivez toute l\u2019actualit\u00e9 de vos villes et m\u00e9dias favoris en vous inscrivant \u00e0 <a href=\"https:\/\/moncompte.actu.fr\" title=\"D\u00e9couvez Mon Actu\" rel=\"nofollow noopener\" data-trk=\"{&quot;cta&quot;:{&quot;action&quot;:&quot;https:\\\/\\\/moncompte.actu.fr&quot;,&quot;category&quot;:&quot;mon compte&quot;,&quot;from&quot;:&quot;article footer&quot;,&quot;name&quot;:&quot;Mon actu&quot;,&quot;type&quot;:&quot;cta&quot;}}\" target=\"_blank\">Mon Actu<\/a>.<\/p>\n<p>                    <script async src=\"\/\/www.instagram.com\/embed.js\"><\/script><\/p>\n","protected":false},"excerpt":{"rendered":"Par Nina Hossein-Zadeh Publi\u00e9 le 27 juil. 2025 \u00e0 13h02 Le mus\u00e9e des Augustins affiche portes closes depuis&hellip;\n","protected":false},"author":2,"featured_media":277335,"comment_status":"","ping_status":"","sticky":false,"template":"","format":"standard","meta":{"footnotes":""},"categories":[2816],"tags":[1111,11,1777,674,1011,27,41648,12,2680,25,104,2312],"class_list":{"0":"post-277334","1":"post","2":"type-post","3":"status-publish","4":"format-standard","5":"has-post-thumbnail","7":"category-toulouse","8":"tag-actu","9":"tag-actualites","10":"tag-eu","11":"tag-europe","12":"tag-fr","13":"tag-france","14":"tag-musee-des-augustins","15":"tag-news","16":"tag-occitanie","17":"tag-republique-francaise","18":"tag-societe","19":"tag-toulouse"},"share_on_mastodon":{"url":"https:\/\/pubeurope.com\/@fr\/114925110895943014","error":""},"_links":{"self":[{"href":"https:\/\/www.europesays.com\/fr\/wp-json\/wp\/v2\/posts\/277334","targetHints":{"allow":["GET"]}}],"collection":[{"href":"https:\/\/www.europesays.com\/fr\/wp-json\/wp\/v2\/posts"}],"about":[{"href":"https:\/\/www.europesays.com\/fr\/wp-json\/wp\/v2\/types\/post"}],"author":[{"embeddable":true,"href":"https:\/\/www.europesays.com\/fr\/wp-json\/wp\/v2\/users\/2"}],"replies":[{"embeddable":true,"href":"https:\/\/www.europesays.com\/fr\/wp-json\/wp\/v2\/comments?post=277334"}],"version-history":[{"count":0,"href":"https:\/\/www.europesays.com\/fr\/wp-json\/wp\/v2\/posts\/277334\/revisions"}],"wp:featuredmedia":[{"embeddable":true,"href":"https:\/\/www.europesays.com\/fr\/wp-json\/wp\/v2\/media\/277335"}],"wp:attachment":[{"href":"https:\/\/www.europesays.com\/fr\/wp-json\/wp\/v2\/media?parent=277334"}],"wp:term":[{"taxonomy":"category","embeddable":true,"href":"https:\/\/www.europesays.com\/fr\/wp-json\/wp\/v2\/categories?post=277334"},{"taxonomy":"post_tag","embeddable":true,"href":"https:\/\/www.europesays.com\/fr\/wp-json\/wp\/v2\/tags?post=277334"}],"curies":[{"name":"wp","href":"https:\/\/api.w.org\/{rel}","templated":true}]}}