{"id":277338,"date":"2025-07-27T12:08:27","date_gmt":"2025-07-27T12:08:27","guid":{"rendered":"https:\/\/www.europesays.com\/fr\/277338\/"},"modified":"2025-07-27T12:08:27","modified_gmt":"2025-07-27T12:08:27","slug":"mercato-losc-sur-les-tablettes-du-paris-fc-benjamin-andre-prolonge-finalement-a-lille-sport","status":"publish","type":"post","link":"https:\/\/www.europesays.com\/fr\/277338\/","title":{"rendered":"Mercato Losc. Sur les tablettes du Paris FC, Benjamin Andr\u00e9 prolonge finalement \u00e0 Lille . Sport"},"content":{"rendered":"<p><a href=\"https:\/\/rennes.maville.com\/sport\/detail_-mercato-paris-fc.-benjamin-andre-proche-de-quitter-lille-pour-s-engager-avec-paris-_54135-6889323_actu.Htm\" target=\"_self\" rel=\"noopener\">Benjamin Andr\u00e9 n\u2019ira finalement pas au Paris FC<\/a>. Annonc\u00e9 au \u00ab\u00a0PFC\u00a0\u00bb, qui en avait fait sa priorit\u00e9, le milieu de terrain a\u00a0finalement prolong\u00e9 son contrat avec le LOSC jusqu\u2019en 2028, a annonc\u00e9 le club nordiste, ce samedi 26\u00a0juillet 2025, dans un communiqu\u00e9. Le joueur de 34\u00a0ans avait pourtant souhait\u00e9 rejoindre le promu, mais\u00a0s\u2019est finalement r\u00e9solu \u00e0 rester dans le Nord.<\/p>\n<p>\n                Nous avons bloqu\u00e9 l\u2019affichage de ce contenu pour respecter vos choix en mati\u00e8re de cookies.<br \/>En cliquant sur \u00abConsulter\u00bb, vous acceptez le d\u00e9p\u00f4t de cookies par des services de r\u00e9seaux sociaux tels que Twitter.<br \/>\n                Consulter\n            <\/p>\n<blockquote class=\"twitter-tweet\" wp_automatic_readability=\"4.3076923076923\">\n<p lang=\"fr\" dir=\"ltr\">\u00ab\u00a0Capitaine Andr\u00e9&#8230; mon capitaine&#8230;\u00a0\u00bb ??<\/p>\n<p>Notre Capitaine. <a href=\"https:\/\/twitter.com\/NBFootball?ref_src=twsrc%5Etfw\" target=\"_blank\" rel=\"noopener\">@NBFootball<\/a> <a href=\"https:\/\/t.co\/p6uGpIQ7Xm\">pic.twitter.com\/p6uGpIQ7Xm<\/a><\/p>\n<p>\u2014 LOSC (@losclive) <a href=\"https:\/\/twitter.com\/losclive\/status\/1949151920305676630?ref_src=twsrc%5Etfw\" target=\"_blank\" rel=\"noopener\">July 26, 2025<\/a><\/p><\/blockquote>\n<p><strong>\u00ab\u00a0Le LOSC est fier d\u2019annoncer la prolongation du contrat de son capitaine, Benjamin Andr\u00e9 (34\u00a0ans), pour deux saisons suppl\u00e9mentaires. Arriv\u00e9 en juillet\u00a02019, notre milieu de terrain continue de lier son destin \u00e0 celui des Dogues, jusqu\u2019en 2028. Une belle histoire de fid\u00e9lit\u00e9, de combat et de passion qui s\u2019\u00e9crit ensemble, encore et toujours dans le Nord\u00a0\u00bb,<\/strong> \u00e9crit le Losc dans un communiqu\u00e9.<\/p>\n<p><strong>Lire aussi\u00a0:<\/strong> <a href=\"https:\/\/rennes.maville.com\/sport\/detail_-mercato-psg.-paris-negocie-avec-lucas-chevalier-donnarumma-vers-un-depart-_54135-6914977_actu.Htm\" target=\"_self\" rel=\"noopener\">Mercato PSG. Paris n\u00e9gocie avec Lucas Chevalier, Donnarumma vers un d\u00e9part\u00a0?<\/a><\/p>\n<p>En six saisons sous le maillot lillois, Benjamin Andr\u00e9 a disput\u00e9 248\u00a0matches toutes comp\u00e9titions confondues et est devenu l\u2019un des \u00e9l\u00e9ments forts du onze de Bruno G\u00e9n\u00e9sio. <strong>\u00ab\u00a0Et je d\u00e9die ce moment aux amoureux du LOSC parce que c\u2019est une confiance et un amour r\u00e9ciproques. On le sent tous les week-ends, chaque match, ils sont derri\u00e8re nous. C\u2019est plus qu\u2019un club, le LOSC c\u2019est ma famille\u00a0! Allez le LOSC\u00a0!\u00a0\u00bb,<\/strong> livre le natif de Nice.<\/p>\n<p>\u00a0<\/p>\n<p>\t\t<script async src=\"https:\/\/platform.twitter.com\/widgets.js\" charset=\"utf-8\"><\/script><\/p>\n","protected":false},"excerpt":{"rendered":"Benjamin Andr\u00e9 n\u2019ira finalement pas au Paris FC. Annonc\u00e9 au \u00ab\u00a0PFC\u00a0\u00bb, qui en avait fait sa priorit\u00e9, le&hellip;\n","protected":false},"author":2,"featured_media":277339,"comment_status":"","ping_status":"","sticky":false,"template":"","format":"standard","meta":{"footnotes":""},"categories":[2815],"tags":[1111,11,3809,1465,1777,674,63,1011,27,4044,1792,811,1922,1307,12,25,479,517,1470],"class_list":{"0":"post-277338","1":"post","2":"type-post","3":"status-publish","4":"format-standard","5":"has-post-thumbnail","7":"category-lille","8":"tag-actu","9":"tag-actualites","10":"tag-ball","11":"tag-basket","12":"tag-eu","13":"tag-europe","14":"tag-football","15":"tag-fr","16":"tag-france","17":"tag-guingamp","18":"tag-handball","19":"tag-hauts-de-france","20":"tag-info","21":"tag-lille","22":"tag-news","23":"tag-republique-francaise","24":"tag-rugby","25":"tag-sport","26":"tag-volley"},"share_on_mastodon":{"url":"https:\/\/pubeurope.com\/@fr\/114925122645714361","error":""},"_links":{"self":[{"href":"https:\/\/www.europesays.com\/fr\/wp-json\/wp\/v2\/posts\/277338","targetHints":{"allow":["GET"]}}],"collection":[{"href":"https:\/\/www.europesays.com\/fr\/wp-json\/wp\/v2\/posts"}],"about":[{"href":"https:\/\/www.europesays.com\/fr\/wp-json\/wp\/v2\/types\/post"}],"author":[{"embeddable":true,"href":"https:\/\/www.europesays.com\/fr\/wp-json\/wp\/v2\/users\/2"}],"replies":[{"embeddable":true,"href":"https:\/\/www.europesays.com\/fr\/wp-json\/wp\/v2\/comments?post=277338"}],"version-history":[{"count":0,"href":"https:\/\/www.europesays.com\/fr\/wp-json\/wp\/v2\/posts\/277338\/revisions"}],"wp:featuredmedia":[{"embeddable":true,"href":"https:\/\/www.europesays.com\/fr\/wp-json\/wp\/v2\/media\/277339"}],"wp:attachment":[{"href":"https:\/\/www.europesays.com\/fr\/wp-json\/wp\/v2\/media?parent=277338"}],"wp:term":[{"taxonomy":"category","embeddable":true,"href":"https:\/\/www.europesays.com\/fr\/wp-json\/wp\/v2\/categories?post=277338"},{"taxonomy":"post_tag","embeddable":true,"href":"https:\/\/www.europesays.com\/fr\/wp-json\/wp\/v2\/tags?post=277338"}],"curies":[{"name":"wp","href":"https:\/\/api.w.org\/{rel}","templated":true}]}}