{"id":277340,"date":"2025-07-27T12:09:20","date_gmt":"2025-07-27T12:09:20","guid":{"rendered":"https:\/\/www.europesays.com\/fr\/277340\/"},"modified":"2025-07-27T12:09:20","modified_gmt":"2025-07-27T12:09:20","slug":"direction-lelectrique-pour-les-petits-trains-touristiques-de-marseille","status":"publish","type":"post","link":"https:\/\/www.europesays.com\/fr\/277340\/","title":{"rendered":"Direction l\u2019\u00e9lectrique pour les petits trains touristiques de Marseille"},"content":{"rendered":"<p>Depuis un peu moins d\u2019une semaine, un petit nouveau a rejoint les rangs des <a href=\"https:\/\/www.laprovence.com\/article\/edition-arles\/2476998\/le-petit-train-toujours-incontournable-pour-les-touristes.html\" target=\"_blank\" rel=\"noopener\">traditionnels trains touristiques<\/a> de Marseille. De l\u2019ext\u00e9rieur, impossible de deviner sa particularit\u00e9, mais sous le capot, plus de moteur\u00a0: \u00ab\u00a0C\u2019est la Ferrari des petits trains \u00e9lectriques\u00a0!\u00a0\u00bb, rigole fi\u00e8rement Jonathan Piemonte, directeur de la branche. Il y a six ans, l\u2019entreprise avait d\u00e9j\u00e0 tent\u00e9 de passer au vert, mais sans succ\u00e8s\u00a0: \u00ab\u00a0C\u2019\u00e9tait la premi\u00e8re g\u00e9n\u00e9ration d\u2019\u00e9lectriques, donc de cat\u00e9gorie 1. Ils manquaient clairement de puissance et d\u2019autonomie, c\u2019\u00e9tait impossible de monter Notre-Dame de la Garde\u00a0\u00bb, se rappelle-t-il.<br \/>Aujourd\u2019hui, le v\u00e9hicule est de \u00ab\u00a0cat\u00e9gorie 4\u00a0\u00bb, dernier cri sur le march\u00e9\u00a0: \u00ab\u00a0Il est \u00e9quip\u00e9 de quatre roues motrices pour une meilleure adh\u00e9rence au sol, et on a aussi travaill\u00e9 sur l\u2019autonomie et la puissance, encore en phase d\u2019am\u00e9lioration \u00e0 ce jour\u00a0\u00bb. Pour ce faire, le directeur indique travailler en collaboration avec l\u2019entreprise dr\u00f4moise Prat, leader europ\u00e9en dans le domaine des petits trains touristiques.<\/p>\n","protected":false},"excerpt":{"rendered":"Depuis un peu moins d\u2019une semaine, un petit nouveau a rejoint les rangs des traditionnels trains touristiques de&hellip;\n","protected":false},"author":2,"featured_media":277341,"comment_status":"","ping_status":"","sticky":false,"template":"","format":"standard","meta":{"footnotes":""},"categories":[2814],"tags":[17,1111,11,13635,1777,674,1011,27,41649,151,884,12,5175,471,882,16,25,41650,5811],"class_list":{"0":"post-277340","1":"post","2":"type-post","3":"status-publish","4":"format-standard","5":"has-post-thumbnail","7":"category-marseille","8":"tag-17","9":"tag-actu","10":"tag-actualites","11":"tag-direction","12":"tag-eu","13":"tag-europe","14":"tag-fr","15":"tag-france","16":"tag-lelectrique","17":"tag-les","18":"tag-marseille","19":"tag-news","20":"tag-petits","21":"tag-pour","22":"tag-provence-alpes-cote-dazur","23":"tag-region","24":"tag-republique-francaise","25":"tag-touristiques","26":"tag-trains"},"share_on_mastodon":{"url":"https:\/\/pubeurope.com\/@fr\/114925126566679352","error":""},"_links":{"self":[{"href":"https:\/\/www.europesays.com\/fr\/wp-json\/wp\/v2\/posts\/277340","targetHints":{"allow":["GET"]}}],"collection":[{"href":"https:\/\/www.europesays.com\/fr\/wp-json\/wp\/v2\/posts"}],"about":[{"href":"https:\/\/www.europesays.com\/fr\/wp-json\/wp\/v2\/types\/post"}],"author":[{"embeddable":true,"href":"https:\/\/www.europesays.com\/fr\/wp-json\/wp\/v2\/users\/2"}],"replies":[{"embeddable":true,"href":"https:\/\/www.europesays.com\/fr\/wp-json\/wp\/v2\/comments?post=277340"}],"version-history":[{"count":0,"href":"https:\/\/www.europesays.com\/fr\/wp-json\/wp\/v2\/posts\/277340\/revisions"}],"wp:featuredmedia":[{"embeddable":true,"href":"https:\/\/www.europesays.com\/fr\/wp-json\/wp\/v2\/media\/277341"}],"wp:attachment":[{"href":"https:\/\/www.europesays.com\/fr\/wp-json\/wp\/v2\/media?parent=277340"}],"wp:term":[{"taxonomy":"category","embeddable":true,"href":"https:\/\/www.europesays.com\/fr\/wp-json\/wp\/v2\/categories?post=277340"},{"taxonomy":"post_tag","embeddable":true,"href":"https:\/\/www.europesays.com\/fr\/wp-json\/wp\/v2\/tags?post=277340"}],"curies":[{"name":"wp","href":"https:\/\/api.w.org\/{rel}","templated":true}]}}