{"id":277354,"date":"2025-07-27T12:19:18","date_gmt":"2025-07-27T12:19:18","guid":{"rendered":"https:\/\/www.europesays.com\/fr\/277354\/"},"modified":"2025-07-27T12:19:18","modified_gmt":"2025-07-27T12:19:18","slug":"la-grande-parade-navale-annuelle-annulee-pour-des-raisons-de-securite","status":"publish","type":"post","link":"https:\/\/www.europesays.com\/fr\/277354\/","title":{"rendered":"La grande parade navale annuelle annul\u00e9e pour des \u00ab\u00a0raisons de s\u00e9curit\u00e9\u00a0\u00bb"},"content":{"rendered":"<p>La <a href=\"https:\/\/www.20minutes.fr\/monde\/russie\/\" target=\"_blank\" class=\"color-ultramarine c-link\" rel=\"nofollow noopener\">Russie<\/a> fait l\u2019impasse sur sa grande f\u00eate annuelle c\u00e9l\u00e9brant ses navires militaires. La parade navale pr\u00e9vue dimanche pour la Journ\u00e9e de la Flotte a \u00e9t\u00e9 annul\u00e9e, a annonc\u00e9 le <a href=\"https:\/\/www.20minutes.fr\/dossier\/kremlin\" target=\"_blank\" class=\"color-ultramarine c-link\" rel=\"nofollow noopener\">Kremlin<\/a>. \u00ab\u00a0Les raisons de s\u00e9curit\u00e9 sont primordiales\u00a0\u00bb, a expliqu\u00e9 son porte-parole, Dmitri Peskov, cit\u00e9 par les agences de presse russes.<\/p>\n<p>Ces exercices, entam\u00e9s le 23\u00a0juillet et cens\u00e9s s\u2019achever dimanche dans les mers Baltique, Caspienne et dans les oc\u00e9ans Arctique et Pacifique, impliquent plus de 150 navires et plus de 15.000 soldats, selon le chef de l\u2019Etat russe.<\/p>\n<\/p>\n<p>\u00ab\u00a0Notre principale t\u00e2che est d\u2019assurer la s\u00e9curit\u00e9 de la Russie et de fermement prot\u00e9ger la souverainet\u00e9 et les int\u00e9r\u00eats nationaux de la Patrie. La Flotte russe a un r\u00f4le immense \u00e0 jouer l\u00e0-dedans\u00a0\u00bb, a soulign\u00e9 <a href=\"https:\/\/www.20minutes.fr\/monde\/vladimir_poutine\/\" target=\"_blank\" class=\"color-ultramarine c-link\" rel=\"nofollow noopener\">Vladimir Poutine<\/a>, de Saint-P\u00e9tersbourg o\u00f9 il \u00e9tait en d\u00e9placement dimanche, selon le service de presse du Kremlin.<\/p>\n<p>Riposte ukrainienne<\/p>\n<p>La Russie, qui a lanc\u00e9 un assaut \u00e0 grande \u00e9chelle contre son voisin <a href=\"https:\/\/www.20minutes.fr\/monde\/ukraine\/\" target=\"_blank\" class=\"color-ultramarine c-link\" rel=\"nofollow noopener\">ukrainien<\/a> en f\u00e9vrier\u00a02022, bombardant quotidiennement ses villes et ses villages, est vis\u00e9e \u00e0 son tour ces derniers mois en riposte par des attaques quotidiennes de drones ukrainiennes.<\/p>\n<p><a href=\"https:\/\/www.20minutes.fr\/monde\/russie\/\" target=\"_blank\" class=\"c-link c-btn c-btn--primary\" rel=\"nofollow noopener\">Tous nos articles sur la Russie<\/a><\/p>\n<p>Ainsi, une centaine de ces engins ukrainiens ont \u00e9t\u00e9 abattus par la d\u00e9fense antia\u00e9rienne russe dans la nuit de samedi \u00e0 dimanche, selon le minist\u00e8re russe de la D\u00e9fense.<\/p>\n<p>Plus de dix drones ont en particulier \u00e9t\u00e9 intercept\u00e9s dans la r\u00e9gion de L\u00e9ningrad, non loin de Saint-P\u00e9tersbourg, o\u00f9 une femme a \u00e9t\u00e9 bless\u00e9e, a d\u00e9plor\u00e9 sur Telegram le gouverneur r\u00e9gional Alexandre Drozdenko.<\/p>\n","protected":false},"excerpt":{"rendered":"La Russie fait l\u2019impasse sur sa grande f\u00eate annuelle c\u00e9l\u00e9brant ses navires militaires. La parade navale pr\u00e9vue dimanche&hellip;\n","protected":false},"author":2,"featured_media":277355,"comment_status":"","ping_status":"","sticky":false,"template":"","format":"standard","meta":{"footnotes":""},"categories":[1591],"tags":[47,11,1887,131,4998,74,12,1885,1886,132,135],"class_list":{"0":"post-277354","1":"post","2":"type-post","3":"status-publish","4":"format-standard","5":"has-post-thumbnail","7":"category-russie","8":"tag-actualite","9":"tag-actualites","10":"tag-federation-de-russie","11":"tag-guerre-en-ukraine","12":"tag-kremlin","13":"tag-monde","14":"tag-news","15":"tag-russia","16":"tag-russian-federation","17":"tag-russie","18":"tag-vladimir-poutine"},"share_on_mastodon":{"url":"https:\/\/pubeurope.com\/@fr\/114925165794382588","error":""},"_links":{"self":[{"href":"https:\/\/www.europesays.com\/fr\/wp-json\/wp\/v2\/posts\/277354","targetHints":{"allow":["GET"]}}],"collection":[{"href":"https:\/\/www.europesays.com\/fr\/wp-json\/wp\/v2\/posts"}],"about":[{"href":"https:\/\/www.europesays.com\/fr\/wp-json\/wp\/v2\/types\/post"}],"author":[{"embeddable":true,"href":"https:\/\/www.europesays.com\/fr\/wp-json\/wp\/v2\/users\/2"}],"replies":[{"embeddable":true,"href":"https:\/\/www.europesays.com\/fr\/wp-json\/wp\/v2\/comments?post=277354"}],"version-history":[{"count":0,"href":"https:\/\/www.europesays.com\/fr\/wp-json\/wp\/v2\/posts\/277354\/revisions"}],"wp:featuredmedia":[{"embeddable":true,"href":"https:\/\/www.europesays.com\/fr\/wp-json\/wp\/v2\/media\/277355"}],"wp:attachment":[{"href":"https:\/\/www.europesays.com\/fr\/wp-json\/wp\/v2\/media?parent=277354"}],"wp:term":[{"taxonomy":"category","embeddable":true,"href":"https:\/\/www.europesays.com\/fr\/wp-json\/wp\/v2\/categories?post=277354"},{"taxonomy":"post_tag","embeddable":true,"href":"https:\/\/www.europesays.com\/fr\/wp-json\/wp\/v2\/tags?post=277354"}],"curies":[{"name":"wp","href":"https:\/\/api.w.org\/{rel}","templated":true}]}}