{"id":277358,"date":"2025-07-27T12:23:14","date_gmt":"2025-07-27T12:23:14","guid":{"rendered":"https:\/\/www.europesays.com\/fr\/277358\/"},"modified":"2025-07-27T12:23:14","modified_gmt":"2025-07-27T12:23:14","slug":"catastrophe-evitee-aux-etats-unis-un-avion-damerican-airlines-evacue-en-urgence-apres-un-incident-au-decollage-173-passagers-a-bord-video","status":"publish","type":"post","link":"https:\/\/www.europesays.com\/fr\/277358\/","title":{"rendered":"Catastrophe \u00e9vit\u00e9e aux \u00c9tats-Unis : un avion d&rsquo;American Airlines \u00e9vacu\u00e9 en urgence apr\u00e8s un incident au d\u00e9collage, 173 passagers \u00e0 bord (VID\u00c9O)"},"content":{"rendered":"<p class=\"ap-StoryElement ap-StoryElement--mb ap-StoryText\">Le Boeing 737 MAX 8 du vol 3023 d&rsquo;<a href=\"https:\/\/www.lalibre.be\/economie\/entreprises-startup\/2025\/02\/23\/suite-a-une-alerte-a-la-bombe-un-avion-damerican-airlines-est-deroute-sur-rome-H4BYEFNB7JF3POVF3X73USG7PU\/\" target=\"_blank\" rel=\"nofollow noopener\">American Airlines<\/a> \u00e9tait en train de d\u00e9coller en partance pour Miami quand il a \u00ab\u00a0rencontr\u00e9 un probl\u00e8me m\u00e9canique\u00a0\u00bb lors du roulage, a indiqu\u00e9 la compagnie a\u00e9rienne \u00e0 l&rsquo;AFP, ajoutant que les 173 passagers et six membres d&rsquo;\u00e9quipage \u00ab\u00a0ont d\u00e9barqu\u00e9 en toute s\u00e9curit\u00e9\u00a0\u00bb.<\/p>\n<p class=\"ap-StoryElement ap-StoryElement--mb ap-StoryText\">Un passager a \u00e9t\u00e9 l\u00e9g\u00e8rement bless\u00e9 transport\u00e9 \u00e0 l&rsquo;h\u00f4pital pour \u00e9valuation, a pr\u00e9cis\u00e9 la compagnie.<\/p>\n<p class=\"ap-StoryElement ap-StoryElement--mb ap-StoryText\">Des pneus \u00e9clat\u00e9s et la d\u00e9c\u00e9l\u00e9ration de l&rsquo;avion lors du freinage ont provoqu\u00e9 un incendie isol\u00e9 des freins, qui a \u00e9t\u00e9 \u00e9teint par les pompiers de la ville, selon la compagnie a\u00e9rienne.<\/p>\n<p class=\"ap-StoryElement ap-StoryElement--mb ap-StoryText\">Des vid\u00e9os partag\u00e9es sur les r\u00e9seaux sociaux montrent des passagers \u00e9vacuant fr\u00e9n\u00e9tiquement via un toboggan alors que de la fum\u00e9e s&rsquo;\u00e9chappe de l&rsquo;arri\u00e8re de l&rsquo;avion. On y voit notamment un passager, tenant un enfant \u00e0 bout de bras, glisser pr\u00e9cipitamment et tr\u00e9bucher.<\/p>\n<p><a href=\"https:\/\/www.lalibre.be\/international\/europe\/2025\/07\/25\/les-images-impressionnantes-du-crash-dun-petit-avion-sur-une-autoroute-en-italie-video-3DQPHWFIQZBXRDB56FOBS3RCEQ\/\" target=\"_blank\" rel=\"noopener noreferrer nofollow\" class=\"ap-StoryInterstitialLink ap-StoryElement ap-StoryElement--mb\">Les images impressionnantes du crash d&rsquo;un petit avion sur une autoroute en Italie (VIDEO)<\/a>Un incident relev\u00e9 avant le d\u00e9collage<\/p>\n<p class=\"ap-StoryElement ap-StoryElement--mb ap-StoryText\">Le r\u00e9gulateur am\u00e9ricain de l&rsquo;aviation (FAA) a indiqu\u00e9 dans un communiqu\u00e9 que l&rsquo;\u00e9quipage du <a href=\"https:\/\/www.lalibre.be\/economie\/entreprises-startup\/2024\/10\/25\/les-cinq-raisons-de-la-debacle-de-boeing-notre-arrogance-nous-perdra-3RQQZUEZ4FCHRLMVRRJXAQXPVU\/\" target=\"_blank\" rel=\"nofollow noopener\">Boeing<\/a> 737 MAX 8 \u00ab\u00a0avait signal\u00e9 un possible incident avec le train d&rsquo;atterrissage lors du d\u00e9part\u00a0\u00bb vers 14h45 heure locale. L&rsquo;agence a ajout\u00e9 qu&rsquo;elle enqu\u00eatait sur l&rsquo;incident.<\/p>\n<p class=\"ap-StoryElement ap-StoryElement--mb ap-StoryText\">Ce nouvel incident vient alimenter les pr\u00e9occupations croissantes concernant la s\u00e9curit\u00e9 a\u00e9rienne aux \u00c9tats-Unis.<\/p>\n<p class=\"ap-StoryElement ap-StoryElement--mb ap-StoryText\">Il intervient deux jours apr\u00e8s qu&rsquo;un appareil Southwest Airlines, en route pour Las Vegas, a d\u00fb soudainement plonger de plusieurs dizaines de m\u00e8tres en altitude pour \u00e9viter une collision avec un autre avion, blessant deux membres de l&rsquo;\u00e9quipage et provoquant la terreur parmi ses passagers.<\/p>\n<p class=\"ap-StoryElement ap-StoryElement--mb ap-StoryText\">En janvier, une collision en vol entre un avion de ligne et un h\u00e9licopt\u00e8re militaire avait fait 67 morts en approche de l&rsquo;a\u00e9roport Ronald Reagan pr\u00e8s de Washington.<\/p>\n<p><a href=\"https:\/\/www.lalibre.be\/international\/europe\/2025\/07\/24\/russie-un-avion-de-ligne-avec-49-personnes-a-bord-a-disparu-des-radars-FGQT3T7YEZAKVCIWODRPVQAY6I\/\" target=\"_blank\" rel=\"noopener noreferrer nofollow\" class=\"ap-StoryInterstitialLink ap-StoryElement ap-StoryElement--mb\">Russie: crash d&rsquo;un avion de ligne avec 49 personnes \u00e0 bord, aucun survivant, le fuselage retrouv\u00e9 en feu (VIDEO)<\/a><\/p>\n","protected":false},"excerpt":{"rendered":"Le Boeing 737 MAX 8 du vol 3023 d&rsquo;American Airlines \u00e9tait en train de d\u00e9coller en partance pour&hellip;\n","protected":false},"author":2,"featured_media":277359,"comment_status":"","ping_status":"","sticky":false,"template":"","format":"standard","meta":{"footnotes":""},"categories":[1589],"tags":[11,35720,7182,73,1866,1310,693,12,2803,1864,1865,1863,308],"class_list":{"0":"post-277358","1":"post","2":"type-post","3":"status-publish","4":"format-standard","5":"has-post-thumbnail","7":"category-etats-unis","8":"tag-actualites","9":"tag-aerospatiale","10":"tag-aviation","11":"tag-etats-unis","12":"tag-etats-unis-damerique","13":"tag-incendie","14":"tag-industrie","15":"tag-news","16":"tag-transport","17":"tag-united-states","18":"tag-united-states-of-america","19":"tag-us","20":"tag-usa"},"share_on_mastodon":{"url":"https:\/\/pubeurope.com\/@fr\/114925181546076903","error":""},"_links":{"self":[{"href":"https:\/\/www.europesays.com\/fr\/wp-json\/wp\/v2\/posts\/277358","targetHints":{"allow":["GET"]}}],"collection":[{"href":"https:\/\/www.europesays.com\/fr\/wp-json\/wp\/v2\/posts"}],"about":[{"href":"https:\/\/www.europesays.com\/fr\/wp-json\/wp\/v2\/types\/post"}],"author":[{"embeddable":true,"href":"https:\/\/www.europesays.com\/fr\/wp-json\/wp\/v2\/users\/2"}],"replies":[{"embeddable":true,"href":"https:\/\/www.europesays.com\/fr\/wp-json\/wp\/v2\/comments?post=277358"}],"version-history":[{"count":0,"href":"https:\/\/www.europesays.com\/fr\/wp-json\/wp\/v2\/posts\/277358\/revisions"}],"wp:featuredmedia":[{"embeddable":true,"href":"https:\/\/www.europesays.com\/fr\/wp-json\/wp\/v2\/media\/277359"}],"wp:attachment":[{"href":"https:\/\/www.europesays.com\/fr\/wp-json\/wp\/v2\/media?parent=277358"}],"wp:term":[{"taxonomy":"category","embeddable":true,"href":"https:\/\/www.europesays.com\/fr\/wp-json\/wp\/v2\/categories?post=277358"},{"taxonomy":"post_tag","embeddable":true,"href":"https:\/\/www.europesays.com\/fr\/wp-json\/wp\/v2\/tags?post=277358"}],"curies":[{"name":"wp","href":"https:\/\/api.w.org\/{rel}","templated":true}]}}