{"id":277364,"date":"2025-07-27T12:26:13","date_gmt":"2025-07-27T12:26:13","guid":{"rendered":"https:\/\/www.europesays.com\/fr\/277364\/"},"modified":"2025-07-27T12:26:13","modified_gmt":"2025-07-27T12:26:13","slug":"leurope-suspendue-au-bon-vouloir-de-donald-trump","status":"publish","type":"post","link":"https:\/\/www.europesays.com\/fr\/277364\/","title":{"rendered":"l\u2019Europe suspendue au bon vouloir de Donald Trump"},"content":{"rendered":"<p>Apr\u00e8s des mois de n\u00e9gociations intenses entre Washington et Bruxelles, le pr\u00e9sident am\u00e9ricain rencontre ce dimanche \u00e0 17h30 la pr\u00e9sidente de la Commission europ\u00e9enne. Parviendront-ils \u00e0 \u00e9viter une guerre commerciale\u00a0?<\/p>\n<p class=\"fig-paragraph\">C\u2019est entre\u00a0<a href=\"http:\/\/www.lefigaro.fr\/flash-actu\/donald-trump-en-ecosse-les-images-de-sa-partie-de-golf-en-famille-dans-l-un-de-ses-luxueux-complexes-20250726\" data-fig-type=\"NewsFlash\" data-gtm-custom-categorie=\"navigation\" data-gtm-custom-action=\"crossclick\" data-gtm-custom-label=\"Contextuel\" data-gtm-event=\"customEventSPE\" data-fig-domain=\"LEFIGARO\" rel=\"nofollow noopener\" target=\"_blank\">deux parties de golf en \u00c9cosse<\/a>\u00a0que Donald Trump a donn\u00e9 rendez-vous \u00e0 la pr\u00e9sidente de la Commission europ\u00e9enne Ursula von der Leyen, ce dimanche \u00e0 17h30 (heure de Paris). Comme toujours avec le pr\u00e9sident am\u00e9ricain, la rencontre peut ne d\u00e9boucher sur rien comme elle peut aboutir au pire ou au meilleur pour les 27. En attendant, \u00e0 quelques jours du 1er ao\u00fbt, nouvelle \u00e9ch\u00e9ance fix\u00e9e par POTUS pour trouver un accord dans la\u00a0<a href=\"http:\/\/www.lefigaro.fr\/conjoncture\/dossier\/droits-de-douane-americains-notre-dossier-pour-tout-comprendre\" data-fig-type=\"Topic\" data-gtm-custom-categorie=\"navigation\" data-gtm-custom-action=\"crossclick\" data-gtm-custom-label=\"Contextuel\" data-gtm-event=\"customEventSPE\" data-fig-domain=\"LEFIGARO\" rel=\"nofollow noopener\" target=\"_blank\">guerre commerciale<\/a>\u00a0qu\u2019il a d\u00e9clench\u00e9 d\u00e9but avril avec ses partenaires commerciaux, la tension est \u00e0 son comble pour l\u2019UE. Comme pour des dizaines d\u2019autres pays, qui esp\u00e8rent eux aussi \u00e9chapper \u00e0 des droits de douane exorbitants.<\/p>\n<p class=\"fig-paragraph\">Donald Trump entretient le suspense avec plaisir. Vendredi, il a n\u00e9gligemment annonc\u00e9, au d\u00e9part de son voyage en \u00c9cosse o\u00f9 il comptait surtout pratiquer son sport favori, qu\u2019il y avait \u00abune chance sur deux, peut-\u00eatre moins\u00bb pour que les 27 parviennent \u00e0 une entente commerciale avec Washington, affirmant que Bruxelles souhaitait \u00ababsolument\u2026<\/p>\n<p class=\"fig-premium-paywall__infos\">\n        Cet article est r\u00e9serv\u00e9 aux abonn\u00e9s.        Il vous reste 86% \u00e0 d\u00e9couvrir.\n    <\/p>\n<p>                <img  data- alt=\"Le Figaro\" class=\"fig-img--complete fig-img\"\/><\/p>\n<p class=\"fig-premium-paywall__title\">Vous avez envie de lire la suite ?<\/p>\n<p class=\"fig-premium-paywall__subtitle\">D\u00e9bloquez tous les articles imm\u00e9diatement.<\/p>\n<p class=\"fig-premium-paywall__connect\">\n                D\u00e9j\u00e0 abonn\u00e9\u00a0?                <a class=\"fig-premium-paywall__connect-link\" href=\"https:\/\/connect.lefigaro.fr\/login?client=horizon_web&amp;type=main&amp;redirect_uri=https%3A%2F%2Fwww.lefigaro.fr%2Fconjoncture%2Fdroits-de-douane-l-europe-suspendue-au-bon-vouloir-de-donald-trump-20250727\" data-js-gtm=\"{&quot;customCategorie&quot;: &quot;conversion&quot;, &quot;customAction&quot;: &quot;before_Landing_Connexion_paywall_auto&quot;, &quot;customLabel&quot;: &quot;bGVmaWdhcm8uZnJfXzFmMDY5NjRiLWNiYjktNjE5YS1iODNhLTEzYWFlZGY2ODZhMl9fQXJ0aWNsZQ==_Droits de douane\u00a0: l\u2019Europe suspendue au bon vouloir de Donald Trump_335&quot;, &quot;customIDSPE&quot;: &quot;bGVmaWdhcm8uZnJfXzFmMDY5NjRiLWNiYjktNjE5YS1iODNhLTEzYWFlZGY2ODZhMl9fQXJ0aWNsZQ==&quot;, &quot;event&quot;: &quot;customEventSPE&quot;}\" rel=\"nofollow noopener\" target=\"_blank\"><br \/>\n                    Connectez-vous<br \/>\n                <\/a>\n            <\/p>\n","protected":false},"excerpt":{"rendered":"Apr\u00e8s des mois de n\u00e9gociations intenses entre Washington et Bruxelles, le pr\u00e9sident am\u00e9ricain rencontre ce dimanche \u00e0 17h30&hellip;\n","protected":false},"author":2,"featured_media":277365,"comment_status":"","ping_status":"","sticky":false,"template":"","format":"standard","meta":{"footnotes":""},"categories":[1586],"tags":[11,75,981,1777,674,1011,27,12,25,364],"class_list":{"0":"post-277364","1":"post","2":"type-post","3":"status-publish","4":"format-standard","5":"has-post-thumbnail","7":"category-europe","8":"tag-actualites","9":"tag-donald-trump","10":"tag-douane","11":"tag-eu","12":"tag-europe","13":"tag-fr","14":"tag-france","15":"tag-news","16":"tag-republique-francaise","17":"tag-union-europeenne"},"share_on_mastodon":{"url":"https:\/\/pubeurope.com\/@fr\/114925193373487229","error":""},"_links":{"self":[{"href":"https:\/\/www.europesays.com\/fr\/wp-json\/wp\/v2\/posts\/277364","targetHints":{"allow":["GET"]}}],"collection":[{"href":"https:\/\/www.europesays.com\/fr\/wp-json\/wp\/v2\/posts"}],"about":[{"href":"https:\/\/www.europesays.com\/fr\/wp-json\/wp\/v2\/types\/post"}],"author":[{"embeddable":true,"href":"https:\/\/www.europesays.com\/fr\/wp-json\/wp\/v2\/users\/2"}],"replies":[{"embeddable":true,"href":"https:\/\/www.europesays.com\/fr\/wp-json\/wp\/v2\/comments?post=277364"}],"version-history":[{"count":0,"href":"https:\/\/www.europesays.com\/fr\/wp-json\/wp\/v2\/posts\/277364\/revisions"}],"wp:featuredmedia":[{"embeddable":true,"href":"https:\/\/www.europesays.com\/fr\/wp-json\/wp\/v2\/media\/277365"}],"wp:attachment":[{"href":"https:\/\/www.europesays.com\/fr\/wp-json\/wp\/v2\/media?parent=277364"}],"wp:term":[{"taxonomy":"category","embeddable":true,"href":"https:\/\/www.europesays.com\/fr\/wp-json\/wp\/v2\/categories?post=277364"},{"taxonomy":"post_tag","embeddable":true,"href":"https:\/\/www.europesays.com\/fr\/wp-json\/wp\/v2\/tags?post=277364"}],"curies":[{"name":"wp","href":"https:\/\/api.w.org\/{rel}","templated":true}]}}