{"id":277374,"date":"2025-07-27T12:31:19","date_gmt":"2025-07-27T12:31:19","guid":{"rendered":"https:\/\/www.europesays.com\/fr\/277374\/"},"modified":"2025-07-27T12:31:19","modified_gmt":"2025-07-27T12:31:19","slug":"european-young-masters-largent-pour-les-bleus","status":"publish","type":"post","link":"https:\/\/www.europesays.com\/fr\/277374\/","title":{"rendered":"European Young Masters : L&rsquo;argent pour les Bleus"},"content":{"rendered":"<p>Il aurait fallu une \u00e9norme performance d&rsquo;ensemble des Fran\u00e7ais pour priver l&rsquo;Allemagne du titre et r\u00e9aliser le tripl\u00e9 au palmar\u00e8s de l&rsquo;<strong>European Young Masters<\/strong>, mais la derni\u00e8re journ\u00e9e des Bleus a juste \u00e9t\u00e9 excellente. Avec un score d&rsquo;\u00e9quipe de -5, le deuxi\u00e8me meilleur total enregistr\u00e9 ce samedi derri\u00e8re le -7 espagnol, l&rsquo;\u00e9quipe de France a fait jeu \u00e9gal avec les Allemands, et a donc pris la deuxi\u00e8me place de cette \u00e9dition 2025 du championnat d&rsquo;Europe U16 \u00e0 <strong>La Boulie<\/strong>.<\/p>\n<p>Chez les Girls, <strong>Axelle Guillemard<\/strong> et <strong>Salom\u00e9 Lumbaca<\/strong> ont tr\u00e8s bien r\u00e9agi au lendemain d&rsquo;un vendredi difficile : avec des cartes respectives de 70 (-2) et 72 (par), les jeunes Rhodaniennes ont termin\u00e9 \u00e0 \u00e9galit\u00e9 \u00e0 la 2e place du classement individuel f\u00e9minin, \u00e0 -1 total et deux coups derri\u00e8re l&rsquo;Anglaise <strong>Ellie Lichtenhein<\/strong>.<\/p>\n<p>Du c\u00f4t\u00e9 des Gar\u00e7ons, <strong>Paul Martin<\/strong> a termin\u00e9 en beaut\u00e9 avec un 69 (-3) qui lui a permis de se classer 6e \u00e0 -5, sept coups derri\u00e8re l&rsquo;intouchable Tch\u00e8que <strong>\u0160t\u011bp\u00e1n Plasek<\/strong>. De son c\u00f4t\u00e9 <strong>Louis Le Sager<\/strong>, qui a align\u00e9 un troisi\u00e8me 75 (+3), a fini 32e \u00e0 +9.<\/p>\n","protected":false},"excerpt":{"rendered":"Il aurait fallu une \u00e9norme performance d&rsquo;ensemble des Fran\u00e7ais pour priver l&rsquo;Allemagne du titre et r\u00e9aliser le tripl\u00e9&hellip;\n","protected":false},"author":2,"featured_media":277375,"comment_status":"","ping_status":"","sticky":false,"template":"","format":"standard","meta":{"footnotes":""},"categories":[1418],"tags":[1011,27,1472,60],"class_list":{"0":"post-277374","1":"post","2":"type-post","3":"status-publish","4":"format-standard","5":"has-post-thumbnail","7":"category-golf","8":"tag-fr","9":"tag-france","10":"tag-golf","11":"tag-sports"},"share_on_mastodon":{"url":"https:\/\/pubeurope.com\/@fr\/114925212977565877","error":""},"_links":{"self":[{"href":"https:\/\/www.europesays.com\/fr\/wp-json\/wp\/v2\/posts\/277374","targetHints":{"allow":["GET"]}}],"collection":[{"href":"https:\/\/www.europesays.com\/fr\/wp-json\/wp\/v2\/posts"}],"about":[{"href":"https:\/\/www.europesays.com\/fr\/wp-json\/wp\/v2\/types\/post"}],"author":[{"embeddable":true,"href":"https:\/\/www.europesays.com\/fr\/wp-json\/wp\/v2\/users\/2"}],"replies":[{"embeddable":true,"href":"https:\/\/www.europesays.com\/fr\/wp-json\/wp\/v2\/comments?post=277374"}],"version-history":[{"count":0,"href":"https:\/\/www.europesays.com\/fr\/wp-json\/wp\/v2\/posts\/277374\/revisions"}],"wp:featuredmedia":[{"embeddable":true,"href":"https:\/\/www.europesays.com\/fr\/wp-json\/wp\/v2\/media\/277375"}],"wp:attachment":[{"href":"https:\/\/www.europesays.com\/fr\/wp-json\/wp\/v2\/media?parent=277374"}],"wp:term":[{"taxonomy":"category","embeddable":true,"href":"https:\/\/www.europesays.com\/fr\/wp-json\/wp\/v2\/categories?post=277374"},{"taxonomy":"post_tag","embeddable":true,"href":"https:\/\/www.europesays.com\/fr\/wp-json\/wp\/v2\/tags?post=277374"}],"curies":[{"name":"wp","href":"https:\/\/api.w.org\/{rel}","templated":true}]}}