{"id":277376,"date":"2025-07-27T12:33:13","date_gmt":"2025-07-27T12:33:13","guid":{"rendered":"https:\/\/www.europesays.com\/fr\/277376\/"},"modified":"2025-07-27T12:33:13","modified_gmt":"2025-07-27T12:33:13","slug":"matthieu-jalibert-tout-en-haut-de-la-liste-des-attaquants-du-monde","status":"publish","type":"post","link":"https:\/\/www.europesays.com\/fr\/277376\/","title":{"rendered":"Matthieu Jalibert tout \u00ab en haut de la liste \u00bb des attaquants du monde"},"content":{"rendered":"<p>Dans le rang des attaquants ou des num\u00e9ros 10 du monde en rugby, Matthieu Jalibert ne peut pas \u00eatre oubli\u00e9. Il a sa place dans le Top 10 tout au moins. C&rsquo;est ce que fait savoir l&rsquo;Italien Paolo Garbisi lors d&rsquo;une r\u00e9cente sortie m\u00e9diatique.<\/p>\n<p>\u00a0<\/p>\n<p>Sur une autre plan\u00e8te<\/p>\n<p>\u00a0<\/p>\n<p>\u00c9galement ouvreur, il est certainement bien plac\u00e9 pour appr\u00e9cier son coll\u00e8gue au m\u00eame poste. Le joueur de Toulon est carr\u00e9ment sous le charme. \u00ab Avec la s\u00e9lection et le Top 14, j\u2019ai affront\u00e9 quasiment tous les meilleurs \u00e0 mon poste. Si je dois vous citer les meilleurs attaquants au monde, il sera en haut de la liste \u00bb, confie-t-il au sujet de Jalibert.<\/p>\n<p>\u00a0<\/p>\n<p>De son c\u00f4t\u00e9, Joris Segonds ne m\u00e2che pas non plus ses mots. L&rsquo;ouvreur de l&rsquo;Aviron Bayonnais ne dit pas moins que Paolo Garbisi au sujet de Matthieu Jalibert. \u00ab Cette saison, Matthieu Jalibert \u00e9tait sur une autre plan\u00e8te. Il s\u2019est balad\u00e9 en Top 14 et en Champions Cup \u00bb, a-t-il fait savoir dans une interview accord\u00e9e \u00e0 Midi Olympique.<\/p>\n<p>\u00a0<\/p>\n<p>Des chiffres pour confirmer<\/p>\n<p>\u00a0<\/p>\n<p>Jalibert saura appr\u00e9cier ces propos \u00e0 son endroit. Il s&rsquo;en servira sans doute pour s&rsquo;encourager \u00e0 aller loin. L&rsquo;ouvreur de l&rsquo;UBB aura r\u00e9alis\u00e9 une saison \u00e0 26 matchs, dont 23 en tant que titulaire. C&rsquo;est un total de 229 points marqu\u00e9s toutes comp\u00e9titions confondues, parmi lesquels 6 essais inscrits.<\/p>\n<p>Partagez cette info avec vos amis et vos proches en cliquant ici<br \/>Pour r\u00e9sumer<\/p>\n<p>Matthieu Jalibert, ouvreur de l\u2019UBB, est salu\u00e9 comme l\u2019un des meilleurs num\u00e9ros 10 mondiaux. Paolo Garbisi et Joris Segonds louent sa saison exceptionnelle avec 26 matchs, 229 points et 6 essais. Un talent \u00ab\u00a0sur une autre plan\u00e8te\u00a0\u00bb selon ses pairs.<\/p>\n<p> <img decoding=\"async\" width=\"76\" height=\"76\" loading=\"lazy\" src=\"https:\/\/www.europesays.com\/fr\/wp-content\/uploads\/2025\/04\/avatar-quinze.png\" alt=\"Voldi Fr\u00e9jus\u00a0Hounvio\"\/><\/p>\n","protected":false},"excerpt":{"rendered":"Dans le rang des attaquants ou des num\u00e9ros 10 du monde en rugby, Matthieu Jalibert ne peut pas&hellip;\n","protected":false},"author":2,"featured_media":277377,"comment_status":"","ping_status":"","sticky":false,"template":"","format":"standard","meta":{"footnotes":""},"categories":[1416],"tags":[1011,27,479,1468,60],"class_list":{"0":"post-277376","1":"post","2":"type-post","3":"status-publish","4":"format-standard","5":"has-post-thumbnail","7":"category-rugby","8":"tag-fr","9":"tag-france","10":"tag-rugby","11":"tag-rugby-football","12":"tag-sports"},"share_on_mastodon":{"url":"https:\/\/pubeurope.com\/@fr\/114925220946279285","error":""},"_links":{"self":[{"href":"https:\/\/www.europesays.com\/fr\/wp-json\/wp\/v2\/posts\/277376","targetHints":{"allow":["GET"]}}],"collection":[{"href":"https:\/\/www.europesays.com\/fr\/wp-json\/wp\/v2\/posts"}],"about":[{"href":"https:\/\/www.europesays.com\/fr\/wp-json\/wp\/v2\/types\/post"}],"author":[{"embeddable":true,"href":"https:\/\/www.europesays.com\/fr\/wp-json\/wp\/v2\/users\/2"}],"replies":[{"embeddable":true,"href":"https:\/\/www.europesays.com\/fr\/wp-json\/wp\/v2\/comments?post=277376"}],"version-history":[{"count":0,"href":"https:\/\/www.europesays.com\/fr\/wp-json\/wp\/v2\/posts\/277376\/revisions"}],"wp:featuredmedia":[{"embeddable":true,"href":"https:\/\/www.europesays.com\/fr\/wp-json\/wp\/v2\/media\/277377"}],"wp:attachment":[{"href":"https:\/\/www.europesays.com\/fr\/wp-json\/wp\/v2\/media?parent=277376"}],"wp:term":[{"taxonomy":"category","embeddable":true,"href":"https:\/\/www.europesays.com\/fr\/wp-json\/wp\/v2\/categories?post=277376"},{"taxonomy":"post_tag","embeddable":true,"href":"https:\/\/www.europesays.com\/fr\/wp-json\/wp\/v2\/tags?post=277376"}],"curies":[{"name":"wp","href":"https:\/\/api.w.org\/{rel}","templated":true}]}}