{"id":277378,"date":"2025-07-27T12:34:12","date_gmt":"2025-07-27T12:34:12","guid":{"rendered":"https:\/\/www.europesays.com\/fr\/277378\/"},"modified":"2025-07-27T12:34:12","modified_gmt":"2025-07-27T12:34:12","slug":"moutet-stoppe-dans-le-dernier-carre-a-washington-mais-nouveau-membre-du-top-50","status":"publish","type":"post","link":"https:\/\/www.europesays.com\/fr\/277378\/","title":{"rendered":"Moutet stopp\u00e9 dans le dernier carr\u00e9 \u00e0 Washington mais nouveau membre du top 50"},"content":{"rendered":"<p>Corentin Moutet (59e) a \u00e9t\u00e9 domin\u00e9 6-4, 6-3 par le n\u00b013 mondial Alex de Minaur pour sa premi\u00e8re demi-finale en ATP 500 \u00e0 Washington samedi mais va se faire une place dans le top 50 lundi.<\/p>\n<p>La semaine am\u00e9ricaine reste belle pour <a href=\"https:\/\/rmcsport.bfmtv.com\/tennis\/tennis-la-tres-belle-balle-de-match-de-moutet-face-a-medvedev-pour-s-offrir-sa-premiere-demi-finale-en-atp-500-a-washington_AV-202507260073.html\" title=\"Tennis: la tr\u00e8s belle balle de match de Moutet face \u00e0 Medvedev, pour s&#039;offrir sa premi\u00e8re demi-finale en ATP 500 \u00e0 Washington\" class=\"internal_link\" rel=\"nofollow noopener\" target=\"_blank\">Corentin Moutet<\/a>. Battu en qualifications presqu&rsquo;une semaine plus t\u00f4t avant d&rsquo;\u00eatre rep\u00each\u00e9 en derni\u00e8re minute et propuls\u00e9 au deuxi\u00e8me tour par le forfait de Holger Rune, le Fran\u00e7ais a fait tomber l&rsquo;ancien num\u00e9ro un mondial Daniil Medvedev en quarts de finale &#8211; apr\u00e8s une \u00e9bouriffante balle de match &#8211; avant de s&rsquo;incliner ce samedi en deux sets (6-4, 6-3) face \u00e0 l&rsquo;Australien Alex De Minaur.<\/p>\n<p>Un joli parcours r\u00e9compens\u00e9 par son entr\u00e9e dans le top 50 au prochain classement ATP lundi, \u00e0 26 ans. Jusque-l\u00e0, le petit gaucher avait grimp\u00e9 au mieux au 51e rang (fin 2022). Face \u00e0 De Minaur samedi soir, Moutet &#8211; qui avait bataill\u00e9 pr\u00e8s de deux heures et demie la veille contre Medvedev dans la fournaise de Washington et souffert de crampes &#8211; a tenu bon jusqu&rsquo;\u00e0 3-3, avant de laisser l&rsquo;Australien prendre le dessus. Sa raquette n&rsquo;a pas r\u00e9sist\u00e9 \u00e0 la perte du premier set.<\/p>\n<p>Moutet encha\u00eene \u00e0 Toronto<\/p>\n<p>Son entame de deuxi\u00e8me manche a \u00e9t\u00e9 cauchemardesque: il n&rsquo;a pas inscrit le moindre point dans les trois premiers jeux. De quoi rapidement accuser deux breaks de retard. Moutet a bien r\u00e9duit l&rsquo;\u00e9cart \u00e0 deux reprises, mais \u00e0 chaque fois, De Minaur a r\u00e9pliqu\u00e9 dans la foul\u00e9e. Les passings d\u00e9licieux du Fran\u00e7ais qui ont surpris le solide Australien ne l&rsquo;ont pas emp\u00each\u00e9 de s&rsquo;imposer en 1h43 min, sur une double faute.<\/p>\n<p>En finale, De Minaur affrontera soit l&rsquo;Espagnol Alejandro Davidovich (26e), qui a domin\u00e9 l&rsquo;Am\u00e9ricain Ben Shelton (8e) en deux sets (6-2, 7-5). Fort de sa premi\u00e8re demi-finale dans un tournoi de ce calibre, Moutet a lui rapidement rendez-vous au premier tour du Masters 1000 de Toronto avec l&rsquo;Am\u00e9ricain Jenson Brooksby.<\/p>\n","protected":false},"excerpt":{"rendered":"Corentin Moutet (59e) a \u00e9t\u00e9 domin\u00e9 6-4, 6-3 par le n\u00b013 mondial Alex de Minaur pour sa premi\u00e8re&hellip;\n","protected":false},"author":2,"featured_media":277379,"comment_status":"","ping_status":"","sticky":false,"template":"","format":"standard","meta":{"footnotes":""},"categories":[1415],"tags":[1011,27,60,1467],"class_list":{"0":"post-277378","1":"post","2":"type-post","3":"status-publish","4":"format-standard","5":"has-post-thumbnail","7":"category-tennis","8":"tag-fr","9":"tag-france","10":"tag-sports","11":"tag-tennis"},"share_on_mastodon":{"url":"https:\/\/pubeurope.com\/@fr\/114925224860395780","error":""},"_links":{"self":[{"href":"https:\/\/www.europesays.com\/fr\/wp-json\/wp\/v2\/posts\/277378","targetHints":{"allow":["GET"]}}],"collection":[{"href":"https:\/\/www.europesays.com\/fr\/wp-json\/wp\/v2\/posts"}],"about":[{"href":"https:\/\/www.europesays.com\/fr\/wp-json\/wp\/v2\/types\/post"}],"author":[{"embeddable":true,"href":"https:\/\/www.europesays.com\/fr\/wp-json\/wp\/v2\/users\/2"}],"replies":[{"embeddable":true,"href":"https:\/\/www.europesays.com\/fr\/wp-json\/wp\/v2\/comments?post=277378"}],"version-history":[{"count":0,"href":"https:\/\/www.europesays.com\/fr\/wp-json\/wp\/v2\/posts\/277378\/revisions"}],"wp:featuredmedia":[{"embeddable":true,"href":"https:\/\/www.europesays.com\/fr\/wp-json\/wp\/v2\/media\/277379"}],"wp:attachment":[{"href":"https:\/\/www.europesays.com\/fr\/wp-json\/wp\/v2\/media?parent=277378"}],"wp:term":[{"taxonomy":"category","embeddable":true,"href":"https:\/\/www.europesays.com\/fr\/wp-json\/wp\/v2\/categories?post=277378"},{"taxonomy":"post_tag","embeddable":true,"href":"https:\/\/www.europesays.com\/fr\/wp-json\/wp\/v2\/tags?post=277378"}],"curies":[{"name":"wp","href":"https:\/\/api.w.org\/{rel}","templated":true}]}}