{"id":277380,"date":"2025-07-27T12:35:10","date_gmt":"2025-07-27T12:35:10","guid":{"rendered":"https:\/\/www.europesays.com\/fr\/277380\/"},"modified":"2025-07-27T12:35:10","modified_gmt":"2025-07-27T12:35:10","slug":"on-ne-peut-pas-faire-disparaitre-un-club-pour-des-erreurs-de-timing-et-de-procedure","status":"publish","type":"post","link":"https:\/\/www.europesays.com\/fr\/277380\/","title":{"rendered":"On ne peut pas faire dispara\u00eetre un club pour des erreurs de timing et de proc\u00e9dure"},"content":{"rendered":"<p>\u00ab\u00a0Le TGB Basket n&rsquo;est pas mort\u00a0\u00bb a \u00e9crit le club tarbais dans un communiqu\u00e9 suite \u00e0 la publication par la f\u00e9d\u00e9ration de la liste des 12 clubs de Wonderligue pour la saison 2025-26 dans laquelle il ne figure pas.<\/p>\n<p>Dans une interview \u00e0 <a href=\"https:\/\/www.lequipe.fr\/Basket\/Actualites\/Francois-gomez-entraineur-de-tarbes-nous-avons-ete-mal-accueillis-comme-si-on-nous-soupconnait-de-tricher\/1581042?ref=basketeurope.com\" rel=\"noreferrer nofollow noopener\" target=\"_blank\">L&rsquo;Equipe<\/a>, Fran\u00e7ois Gomez \u00e9claire le dossier en affirmant que le club vice champion de France a trouv\u00e9 les fonds pour lui permettre de repartir de l&rsquo;avant :<\/p>\n<blockquote><p>\u00ab\u00a0Il faut reconna\u00eetre nos erreurs\u00a0: nous n&rsquo;\u00e9tions pas pr\u00eats pour la Commission de contr\u00f4le de gestion (CCG) ou m\u00eame pour la chambre d&rsquo;appel\u00a0(qui a d\u00e9cid\u00e9 du renvoi administratif en ligue r\u00e9gionale pour Tarbes). C&rsquo;est une grosse erreur de notre part. Mais le club a depuis apport\u00e9 les preuves financi\u00e8res qui assureront sa continuit\u00e9. Et je peux m\u00eame avancer des chiffres\u00a0: nous avons en plus de nombreuses lettres d&rsquo;engagement de partenaires qui attendent de pouvoir nous soutenir, apport\u00e9 la garantie de faire passer notre r\u00e9sultat, qui est d\u00e9ficitaire de 195\u00a0000\u00a0euros, \u00e0 un b\u00e9n\u00e9fice de 250\u00a0000\u00a0euros\u00a0! On l&rsquo;a d\u00e9montr\u00e9 avec des justificatifs d&rsquo;experts-comptables et commissaires aux comptes, et nous avons m\u00eame mont\u00e9 un budget de 1,5\u00a0million d&rsquo;euros qui pourrait \u00eatre revu \u00e0 la hausse de ce que j&rsquo;entends. Et au lieu d&rsquo;examiner les pi\u00e8ces de ce dossier, on va liquider un club et mettre des gens au ch\u00f4mage, me mettre \u00e0 la retraite en plus. En \u00e9tant finalement b\u00e9n\u00e9ficiaire, il y a quelque chose qui m&rsquo;\u00e9chappe&#8230;\u00a0\u00bb<\/p><\/blockquote>\n<p>Le coach tarbais estime que son club est victime d&rsquo;une cabale:<\/p>\n<blockquote><p>\u00ab\u00a0De ce que je peux dire de cette r\u00e9union de conciliation, \u00e0 laquelle ma pr\u00e9sidente\u00a0(Jeannie Cointre)\u00a0et mon pr\u00e9sident d\u00e9l\u00e9gu\u00e9\u00a0(Laurent Cochain)\u00a0ont assist\u00e9, c&rsquo;est que la F\u00e9d\u00e9ration, repr\u00e9sent\u00e9e par le salari\u00e9 qui nous avait sanctionn\u00e9s en Contr\u00f4le de gestion et en chambre d&rsquo;appel &#8211; comment peut-on \u00eatre juge et partie \u00e0 la fois\u00a0?-, a refus\u00e9 de nous entendre. Le CNOSF ne nous a pas soutenus car il a simplement constat\u00e9 qu&rsquo;aucune conciliation n&rsquo;\u00e9tait possible. J&rsquo;ai l&rsquo;impression que nous avons \u00e9t\u00e9 mal accueillis, comme si on nous soup\u00e7onnait de tricher. \u00c7a a \u00e9t\u00e9 un non cat\u00e9gorique \u00e0 toutes nos propositions, un refus d&rsquo;examiner le nouveau dossier fourni.\u00a0\u00bb<\/p><\/blockquote>\n<p>Il ajoute :<\/p>\n<blockquote><p>\u00ab\u00a0Nous avons toujours eu des difficult\u00e9s. Tout ce que je demande aux gens qui ont notre dossier sur leur bureau \u00e0 la F\u00e9d\u00e9ration c&rsquo;est\u00a0: ouvrez-le\u00a0! On ne peut pas faire dispara\u00eetre un club pour des erreurs de timing et de proc\u00e9dure.\u00a0\u00bb<\/p><\/blockquote>\n<p>Le TGB va saisir le tribunal administratif et Fran\u00e7ois Gomez estime que son \u00e9quipe ne doit pas \u00eatre int\u00e9gr\u00e9e \u00e0 la Ligue 2 et veut croire -une possibilit\u00e9 que la pr\u00e9sidente de la Ligue Carole Force, \u00e9galement dans <a href=\"https:\/\/www.lequipe.fr\/Basket\/Actualites\/-il-n-etait-pas-entendable-pour-nous-d-avoir-une-division-incomplete-carole-force-presidente-de-la-boulangere-wonderligue\/1580915?ref=basketeurope.com\" rel=\"noreferrer nofollow noopener\" target=\"_blank\">L&rsquo;Equipe<\/a>, laisse entrevoir- que le championnat pourrait comporter 13 \u00e9quipes la saison prochaine.<\/p>\n","protected":false},"excerpt":{"rendered":"\u00ab\u00a0Le TGB Basket n&rsquo;est pas mort\u00a0\u00bb a \u00e9crit le club tarbais dans un communiqu\u00e9 suite \u00e0 la publication&hellip;\n","protected":false},"author":2,"featured_media":277381,"comment_status":"","ping_status":"","sticky":false,"template":"","format":"standard","meta":{"footnotes":""},"categories":[1414],"tags":[1465,1464,1011,27,60],"class_list":{"0":"post-277380","1":"post","2":"type-post","3":"status-publish","4":"format-standard","5":"has-post-thumbnail","7":"category-basket","8":"tag-basket","9":"tag-basketball","10":"tag-fr","11":"tag-france","12":"tag-sports"},"share_on_mastodon":{"url":"https:\/\/pubeurope.com\/@fr\/114925228800881484","error":""},"_links":{"self":[{"href":"https:\/\/www.europesays.com\/fr\/wp-json\/wp\/v2\/posts\/277380","targetHints":{"allow":["GET"]}}],"collection":[{"href":"https:\/\/www.europesays.com\/fr\/wp-json\/wp\/v2\/posts"}],"about":[{"href":"https:\/\/www.europesays.com\/fr\/wp-json\/wp\/v2\/types\/post"}],"author":[{"embeddable":true,"href":"https:\/\/www.europesays.com\/fr\/wp-json\/wp\/v2\/users\/2"}],"replies":[{"embeddable":true,"href":"https:\/\/www.europesays.com\/fr\/wp-json\/wp\/v2\/comments?post=277380"}],"version-history":[{"count":0,"href":"https:\/\/www.europesays.com\/fr\/wp-json\/wp\/v2\/posts\/277380\/revisions"}],"wp:featuredmedia":[{"embeddable":true,"href":"https:\/\/www.europesays.com\/fr\/wp-json\/wp\/v2\/media\/277381"}],"wp:attachment":[{"href":"https:\/\/www.europesays.com\/fr\/wp-json\/wp\/v2\/media?parent=277380"}],"wp:term":[{"taxonomy":"category","embeddable":true,"href":"https:\/\/www.europesays.com\/fr\/wp-json\/wp\/v2\/categories?post=277380"},{"taxonomy":"post_tag","embeddable":true,"href":"https:\/\/www.europesays.com\/fr\/wp-json\/wp\/v2\/tags?post=277380"}],"curies":[{"name":"wp","href":"https:\/\/api.w.org\/{rel}","templated":true}]}}