{"id":277382,"date":"2025-07-27T12:36:12","date_gmt":"2025-07-27T12:36:12","guid":{"rendered":"https:\/\/www.europesays.com\/fr\/277382\/"},"modified":"2025-07-27T12:36:12","modified_gmt":"2025-07-27T12:36:12","slug":"diogo-moreira-au-coeur-des-convoitises-pour-2026","status":"publish","type":"post","link":"https:\/\/www.europesays.com\/fr\/277382\/","title":{"rendered":"Diogo Moreira au coeur des convoitises pour 2026"},"content":{"rendered":"<p>Les rumeurs de transferts pour 2026 en <a href=\"https:\/\/www.autohebdo.fr\/actualites\/motogp\" data-internallinksmanager029f6b8e52c=\"4\" title=\"MotoGP\" rel=\"nofollow noopener\" target=\"_blank\">MotoGP<\/a> vont bon train en cette tr\u00eave estivale. Celles qui occupent tous les esprits actuellement concernent Diogo Moreira. Le jeune Br\u00e9silien, quatri\u00e8me de Moto2, annonc\u00e9 comme tr\u00e8s prometteur, aurait de grandes chances de d\u00e9couvrir la cat\u00e9gorie reine d\u00e8s l\u2019an prochain. <a href=\"https:\/\/sport.sky.it\/motogp\/2025\/07\/13\/motogp-moreira-honda-news\" target=\"_blank\" rel=\"noopener nofollow\">Selon Sky Italia, la piste la plus s\u00e9rieuse<\/a> m\u00e8ne du c\u00f4t\u00e9 de chez Honda.<\/p>\n<p>Nos confr\u00e8res indiquent que l\u2019\u00e9curie japonaise aurait d\u00e9j\u00e0 trouv\u00e9 un accord avec le pilote de 21 ans pour un contrat de trois ans \u00e0 raison de 1,5\u202fmillion d\u2019euros par saison. En outre, cet accord placerait Moreira d\u2019abord dans le projet LCR, avant deux ann\u00e9es suppl\u00e9mentaires dans l\u2019\u00e9quipe d\u2019usine Honda.<\/p>\n<p><a href=\"https:\/\/www.crash.net\/motogp\/news\/1077829\/1\/marc-marquez-pushing-ducati-sign-future-motogp-star-it-wont-be-easy\" target=\"_blank\" rel=\"noopener nofollow\">Ainsi, d\u2019apr\u00e8s Crash.net,<\/a> si Luca Marini et Johann Zarco devraient poursuivre l\u2019aventure avec la firme nippone, au moins jusqu\u2019\u00e0 fin 2026, le guidon de Somkiat Chantra, actuellement bless\u00e9, serait sur la sellette. Et ce serait donc le pensionnaire Italtrans Racing Team qui viendrait le remplacer et compl\u00e9ter le line-up chez LCR aupr\u00e8s de l\u2019exp\u00e9riment\u00e9 fran\u00e7ais.<\/p>\n<p>M\u00e1rquez et Ducati poussent pour Moreira<\/p>\n<p>Mais une autre \u00e9curie n\u2019a pas dit son dernier mot pour s\u2019offrir les services du Br\u00e9silien. En effet, Sky Italia d\u00e9voile que Marc M\u00e1rquez pousserait Ducati \u00e0 recruter le prometteur pilote de 21 ans. Nos confr\u00e8res pr\u00e9cisent que le multiple champion du monde espagnol entretient une grande amiti\u00e9 avec Diogo Moreira et veut faciliter sa arriv\u00e9e en MotoGP.<\/p>\n<p>Pour le moment, Honda a l\u2019avantage dans ces n\u00e9gociations, mais \u00ab\u202fune contre-proposition de Ducati serait un game-changer. La parole de M\u00e1rquez a un poids tr\u00e8s sp\u00e9cifique \u00bb au sein de l\u2019\u00e9quipe transalpine selon Sky Italia.<\/p>\n<p>Enfin, toujours d\u2019apr\u00e8s la m\u00eame source, le Br\u00e9silien aurait \u00e9galement des n\u00e9gociations ouvertes avec Yamaha, qui lui fournit d\u00e9j\u00e0 des motos d\u2019entra\u00eenement, mais aussi Trackhouse Aprilia. En tout cas, ce qui est s\u00fbr, c\u2019est que les prochaines semaines s\u2019annoncent d\u00e9terminantes pour l\u2019avenir de l\u2019actuel quatri\u00e8me de Moto2.<\/p>\n<p><strong>\u00c0 LIRE AUSSI &gt; <a href=\"https:\/\/www.autohebdo.fr\/actualites\/motogp\/agostini-incite-ducati-a-remplacer-bagnaia.html\" target=\"_blank\" rel=\"noopener nofollow\">Agostini incite Ducati \u00e0 remplacer Bagnaia<\/a><\/strong><\/p>\n","protected":false},"excerpt":{"rendered":"Les rumeurs de transferts pour 2026 en MotoGP vont bon train en cette tr\u00eave estivale. Celles qui occupent&hellip;\n","protected":false},"author":2,"featured_media":277383,"comment_status":"","ping_status":"","sticky":false,"template":"","format":"standard","meta":{"footnotes":""},"categories":[1413],"tags":[1011,27,1457,1456,60],"class_list":{"0":"post-277382","1":"post","2":"type-post","3":"status-publish","4":"format-standard","5":"has-post-thumbnail","7":"category-moto","8":"tag-fr","9":"tag-france","10":"tag-moto","11":"tag-motocycle","12":"tag-sports"},"share_on_mastodon":{"url":"https:\/\/pubeurope.com\/@fr\/114925232710494565","error":""},"_links":{"self":[{"href":"https:\/\/www.europesays.com\/fr\/wp-json\/wp\/v2\/posts\/277382","targetHints":{"allow":["GET"]}}],"collection":[{"href":"https:\/\/www.europesays.com\/fr\/wp-json\/wp\/v2\/posts"}],"about":[{"href":"https:\/\/www.europesays.com\/fr\/wp-json\/wp\/v2\/types\/post"}],"author":[{"embeddable":true,"href":"https:\/\/www.europesays.com\/fr\/wp-json\/wp\/v2\/users\/2"}],"replies":[{"embeddable":true,"href":"https:\/\/www.europesays.com\/fr\/wp-json\/wp\/v2\/comments?post=277382"}],"version-history":[{"count":0,"href":"https:\/\/www.europesays.com\/fr\/wp-json\/wp\/v2\/posts\/277382\/revisions"}],"wp:featuredmedia":[{"embeddable":true,"href":"https:\/\/www.europesays.com\/fr\/wp-json\/wp\/v2\/media\/277383"}],"wp:attachment":[{"href":"https:\/\/www.europesays.com\/fr\/wp-json\/wp\/v2\/media?parent=277382"}],"wp:term":[{"taxonomy":"category","embeddable":true,"href":"https:\/\/www.europesays.com\/fr\/wp-json\/wp\/v2\/categories?post=277382"},{"taxonomy":"post_tag","embeddable":true,"href":"https:\/\/www.europesays.com\/fr\/wp-json\/wp\/v2\/tags?post=277382"}],"curies":[{"name":"wp","href":"https:\/\/api.w.org\/{rel}","templated":true}]}}