{"id":277392,"date":"2025-07-27T12:42:16","date_gmt":"2025-07-27T12:42:16","guid":{"rendered":"https:\/\/www.europesays.com\/fr\/277392\/"},"modified":"2025-07-27T12:42:16","modified_gmt":"2025-07-27T12:42:16","slug":"a-morlaix-lartiste-hippolyte-romain-veut-redonner-leurs-lettres-de-noblesse-aux-femmes-pirates","status":"publish","type":"post","link":"https:\/\/www.europesays.com\/fr\/277392\/","title":{"rendered":"\u00c0 Morlaix, l\u2019artiste Hippolyte Romain veut redonner leurs lettres de noblesse aux femmes pirates"},"content":{"rendered":"<p>\u00ab\u00a0On a gard\u00e9 le souvenir d\u2019Henry Morgan, de l\u2019Olonnais, de Barbe Noire mais qui se souvient des pirates Mary Read, Anne Bony, Ching Shih ou encore de la premi\u00e8re pirate, Jeanne de Belleville, qui s\u2019\u00e9tait lanc\u00e9e dans la piraterie pour venger son \u00e9poux\u00a0? Qu\u2019elles aient \u00e9t\u00e9 \u00e0 la barre seules, avec un amant, un mari, elles ont de nombreux points communs. Elles ont toutes \u00e9t\u00e9 courageuses, intr\u00e9pides, r\u00eavant de libert\u00e9 et d\u2019aventure\u00a0\u00bb, explique <a href=\"https:\/\/www.letelegramme.fr\/finistere\/morlaix-29600\/hippolyte-romain-croqueur-de-haute-couture-3826407.php\" title=\"www.letelegramme.fr\" target=\"_blank\" rel=\"noopener\">Hippolyte Romain, artiste peintre<\/a>.<\/p>\n<p>Il y a quatre ans, ce passionn\u00e9 de piraterie a jet\u00e9 l\u2019ancre \u00e0 Morlaix. Et s\u2019est fait, depuis, le chantre d\u2019une corporation d\u2019\u00e9cumeurs et \u00e9cumeuses des mers n\u00e9s avec les balbutiements de la navigation. Son r\u00eave\u00a0: faire de la cit\u00e9 du viaduc celle des pirates. \u00ab\u00a0Au XVIIe si\u00e8cle, Colbert a fond\u00e9 la Manufacture des tabacs et institu\u00e9 une taxe pour financer la Marine royale, tandis que des pirates venaient vendre leur butin \u00e0 Morlaix. Saint-Malo est devenue la ville des corsaires\u00a0? Morlaix devrait \u00eatre celle des pirates\u00a0!\u00a0\u00bb.<\/p>\n<blockquote><p>Qu\u2019elles aient \u00e9t\u00e9 \u00e0 la barre seules, avec un amant, un mari, elles ont de nombreux points communs. Elles ont toutes \u00e9t\u00e9 courageuses, intr\u00e9pides, r\u00eavant de libert\u00e9 et d\u2019aventure\u00a0!<\/p><\/blockquote>\n<p>Un versant ignor\u00e9 de la piraterie<\/p>\n<p>L\u2019artiste a le verbe haut, mais pas que. En marge du <a href=\"https:\/\/www.letelegramme.fr\/finistere\/morlaix-29600\/il-veut-lancer-un-festival-de-pirates-a-morlaix-6604568.php\" title=\"www.letelegramme.fr\" target=\"_blank\" rel=\"noopener\">\u00ab\u00a0Festival baie des pirates\u00a0\u00bb<\/a>, organis\u00e9 par l\u2019association \u00e9ponyme les 26 et 27 juillet et dont il est tout naturellement le pilier, il vient d\u2019\u00e9diter \u00ab\u00a0Femmes pirates et flibustiers\u00a0\u00bb. L\u2019artiste entend donner \u00e0 ces femmes leurs lettres de noblesse, permettant \u00e0 ses lecteurs d\u2019appr\u00e9hender un versant largement ignor\u00e9 de la profession et \u00e9voque les Mary Read, Anne Bony, ou encore de la premi\u00e8re pirate, Jeanne de Belleville.<\/p>\n<p>Une \u00ab\u00a0S\u00e9curit\u00e9 sociale\u00a0\u00bb avant la lettre<\/p>\n<p>Abondamment illustr\u00e9 d\u2019aquarelles dont le trait n\u2019est pas sans \u00e9voquer un certain Hugo Pratt, l\u2019ouvrage retrace aussi un bref historique de la piraterie. On y apprend notamment que la corporation, pour sanguinaire qu\u2019elle fut, avait mis en place une \u00ab\u00a0S\u00e9curit\u00e9 sociale\u00a0\u00bb avant la lettre. La charte stipulait notamment \u00ab\u00a0qu\u2019apr\u00e8s un abordage, un bar\u00e8me d\u2019indemnit\u00e9s \u00e9tait appliqu\u00e9, qui attribuait \u00e9cus ou esclaves, leur quantit\u00e9 d\u00e9pendant de ce qu\u2019avait perdu le forban, un \u0153il, une main ou une jambe, ou les deux\u00a0\u00bb.<\/p>\n<p>Un jumelage Morlaix &#8211; Nouvelle-Orl\u00e9ans\u00a0?<\/p>\n<p>L\u2019ouvrage, de pr\u00e8s d\u2019une centaine de pages, sera disponible en avant-premi\u00e8re lors du festival, qui s\u2019ach\u00e8ve ce dimanche, puis dans les librairies. Pour autant, Morlaix n\u2019en aura pas fini avec la piraterie, que l\u2019artiste r\u00eave de voir jumel\u00e9e avec La Nouvelle-Orl\u00e9ans, \u00ab\u00a0qui doit beaucoup aux flibustiers\u00a0! J\u2019ai plus que jamais dans l\u2019id\u00e9e de fonder un mus\u00e9e de la piraterie. J\u2019ai \u00e9norm\u00e9ment de pi\u00e8ces \u00e0 exposer, sans oublier les pr\u00eats de particuliers, un chapeau, un sabre, une jambe de bois ou une paire de mousquets\u00a0\u00bb.<\/p>\n<p><b\/><b>Pratique<\/b><\/p>\n<p class=\"note\">\u00ab\u00a0Femmes pirates et flibustiers\u00a0\u00bb, aux \u00e9ditions Magellan cie, en vente lors du \u00ab\u00a0Festival baie des pirates\u00a0\u00bb, qui se d\u00e9roule les samedi 26 et dimanche 27 juillet au Sew, \u00e0 Morlaix.<\/p>\n","protected":false},"excerpt":{"rendered":"\u00ab\u00a0On a gard\u00e9 le souvenir d\u2019Henry Morgan, de l\u2019Olonnais, de Barbe Noire mais qui se souvient des pirates&hellip;\n","protected":false},"author":2,"featured_media":277393,"comment_status":"","ping_status":"","sticky":false,"template":"","format":"standard","meta":{"footnotes":""},"categories":[1358],"tags":[1348,1384,1385,1386,58,59,1011,27,2131],"class_list":{"0":"post-277392","1":"post","2":"type-post","3":"status-publish","4":"format-standard","5":"has-post-thumbnail","7":"category-arts-et-design","8":"tag-arts","9":"tag-arts-and-design","10":"tag-arts-et-design","11":"tag-design","12":"tag-divertissement","13":"tag-entertainment","14":"tag-fr","15":"tag-france","16":"tag-morlaix"},"share_on_mastodon":{"url":"https:\/\/pubeurope.com\/@fr\/114925256287193373","error":""},"_links":{"self":[{"href":"https:\/\/www.europesays.com\/fr\/wp-json\/wp\/v2\/posts\/277392","targetHints":{"allow":["GET"]}}],"collection":[{"href":"https:\/\/www.europesays.com\/fr\/wp-json\/wp\/v2\/posts"}],"about":[{"href":"https:\/\/www.europesays.com\/fr\/wp-json\/wp\/v2\/types\/post"}],"author":[{"embeddable":true,"href":"https:\/\/www.europesays.com\/fr\/wp-json\/wp\/v2\/users\/2"}],"replies":[{"embeddable":true,"href":"https:\/\/www.europesays.com\/fr\/wp-json\/wp\/v2\/comments?post=277392"}],"version-history":[{"count":0,"href":"https:\/\/www.europesays.com\/fr\/wp-json\/wp\/v2\/posts\/277392\/revisions"}],"wp:featuredmedia":[{"embeddable":true,"href":"https:\/\/www.europesays.com\/fr\/wp-json\/wp\/v2\/media\/277393"}],"wp:attachment":[{"href":"https:\/\/www.europesays.com\/fr\/wp-json\/wp\/v2\/media?parent=277392"}],"wp:term":[{"taxonomy":"category","embeddable":true,"href":"https:\/\/www.europesays.com\/fr\/wp-json\/wp\/v2\/categories?post=277392"},{"taxonomy":"post_tag","embeddable":true,"href":"https:\/\/www.europesays.com\/fr\/wp-json\/wp\/v2\/tags?post=277392"}],"curies":[{"name":"wp","href":"https:\/\/api.w.org\/{rel}","templated":true}]}}