{"id":277394,"date":"2025-07-27T12:43:12","date_gmt":"2025-07-27T12:43:12","guid":{"rendered":"https:\/\/www.europesays.com\/fr\/277394\/"},"modified":"2025-07-27T12:43:12","modified_gmt":"2025-07-27T12:43:12","slug":"calouan-presente-a-des-livres-la-nuit","status":"publish","type":"post","link":"https:\/\/www.europesays.com\/fr\/277394\/","title":{"rendered":"Calouan pr\u00e9sente \u00e0 Des livres la nuit"},"content":{"rendered":"<p>Proven\u00e7ale d\u2019adoption, Calouan, nom de plume de Corinne Lesimple-Royer, est originaire de Lille. L\u2019autrice jeunesse sera pr\u00e9sente ce vendredi 1er\u00a0ao\u00fbt \u00e0 <a href=\"https:\/\/www.laprovence.com\/article\/region\/136122673609115\/la-nocturne-litteraire-des-livres-la-nuit-ouvre-une-nouvelle-page-a-salon-de-provence\" target=\"_blank\" rel=\"nofollow noopener\">Des livres la nuit <\/a>pour pr\u00e9senter son dernier roman co\u00e9crit avec <a href=\"https:\/\/www.laprovence.com\/article\/edition-carpentras-comtat\/3487602\/gilles-vincent-un-auteur-de-polars-de-passage-a-mazan.html\" target=\"_blank\" rel=\"nofollow noopener\">Gilles Vincent<\/a>\u00a0: \u00c0 la vue, \u00e0 la mort. \u00ab\u00a0Nous avons r\u00e9fl\u00e9chi ensemble pour interroger la fa\u00e7on dont r\u00e9agiraient les ados si quelque chose s\u2019arr\u00eatait brusquement dans leur vie\u00a0\u00bb Le travail du duo s\u2019est orient\u00e9 vers la c\u00e9cit\u00e9.<\/p>\n<p>Zo\u00e9, \u00e0 peine sortie de l\u2019enfance, comprend qu\u2019elle est menac\u00e9e de <a href=\"https:\/\/www.laprovence.com\/article\/region\/27224539392665\/a-eyguieres-une-association-se-mobilise-pour-recolter-des-fonds-et-offrir-un-chien-guide-a-un-enfant-aveugle\" target=\"_blank\" rel=\"nofollow noopener\">perdre la vue.<\/a> Le choc pass\u00e9, elle d\u00e9cide de r\u00e9aliser dix exp\u00e9riences qu\u2019elle r\u00eave de vivre\u2026 \u00ab\u00a0Ma source d\u2019inspiration est la journaliste Elisabeth Quin. Elle est atteinte d\u2019un double glaucome qui lui fait perdre progressivement la vue. J\u2019admire cette femme, elle est intelligente, vivante et courageuse\u00a0\u00bb, confie Calouan. Pour \u00eatre au plus pr\u00e8s de la psychologie des ados, le tandem a effectu\u00e9 des recherches et interrog\u00e9 des sp\u00e9cialistes. Un r\u00e9cit juste et fort r\u00e9compens\u00e9 par le prix du meilleur roman jeunesse du Muscadier.<\/p>\n<p>\u00ab\u00a0J\u2019aime beaucoup les valeurs qu\u2019ils v\u00e9hiculent\u00a0\u00bb<\/p>\n<p>Initialement ing\u00e9nieure dans le domaine de l\u2019environnement, Calouan sensibilise \u00e9galement les enfants sur le sujet de la nature notamment \u00e0 travers deux romans, Ozone, L\u2019oeil d\u2019Eunice et un \u00e9coguide Je prends soin de ma plan\u00e8te. \u00ab\u00a0En janvier prochain, sortira Umari lutte pour les tortues, un album dont j\u2019aime beaucoup les valeurs qu\u2019il v\u00e9hicule.\u00a0\u00bb Valeurs positives que les jeunes lecteurs retrouveront dans la s\u00e9rie de livres \u00e9dit\u00e9s chez La Pimpante\u00a0: Toi, ma maman \u00e0 l\u2019infini, Toi, mon papa \u00e0 l\u2019infini. Une rencontre f\u00e9conde en perspective.<\/p>\n<p><strong>Calouan d\u00e9dicacera ses livres, vendredi 1er\u00a0ao\u00fbt \u00e0 partir de 19 h, rue de l\u2019horloge.<\/strong><\/p>\n","protected":false},"excerpt":{"rendered":"Proven\u00e7ale d\u2019adoption, Calouan, nom de plume de Corinne Lesimple-Royer, est originaire de Lille. L\u2019autrice jeunesse sera pr\u00e9sente ce&hellip;\n","protected":false},"author":2,"featured_media":277395,"comment_status":"","ping_status":"","sticky":false,"template":"","format":"standard","meta":{"footnotes":""},"categories":[1357],"tags":[17,1379,41653,154,58,59,1011,27,41652,19951,1380,41109,3285,16,6690],"class_list":{"0":"post-277394","1":"post","2":"type-post","3":"status-publish","4":"format-standard","5":"has-post-thumbnail","7":"category-livres","8":"tag-17","9":"tag-books","10":"tag-calouan","11":"tag-des","12":"tag-divertissement","13":"tag-entertainment","14":"tag-fr","15":"tag-france","16":"tag-lauteure","17":"tag-litteraire","18":"tag-livres","19":"tag-nocturne","20":"tag-presente","21":"tag-region","22":"tag-sera"},"share_on_mastodon":{"url":"https:\/\/pubeurope.com\/@fr\/114925260252641145","error":""},"_links":{"self":[{"href":"https:\/\/www.europesays.com\/fr\/wp-json\/wp\/v2\/posts\/277394","targetHints":{"allow":["GET"]}}],"collection":[{"href":"https:\/\/www.europesays.com\/fr\/wp-json\/wp\/v2\/posts"}],"about":[{"href":"https:\/\/www.europesays.com\/fr\/wp-json\/wp\/v2\/types\/post"}],"author":[{"embeddable":true,"href":"https:\/\/www.europesays.com\/fr\/wp-json\/wp\/v2\/users\/2"}],"replies":[{"embeddable":true,"href":"https:\/\/www.europesays.com\/fr\/wp-json\/wp\/v2\/comments?post=277394"}],"version-history":[{"count":0,"href":"https:\/\/www.europesays.com\/fr\/wp-json\/wp\/v2\/posts\/277394\/revisions"}],"wp:featuredmedia":[{"embeddable":true,"href":"https:\/\/www.europesays.com\/fr\/wp-json\/wp\/v2\/media\/277395"}],"wp:attachment":[{"href":"https:\/\/www.europesays.com\/fr\/wp-json\/wp\/v2\/media?parent=277394"}],"wp:term":[{"taxonomy":"category","embeddable":true,"href":"https:\/\/www.europesays.com\/fr\/wp-json\/wp\/v2\/categories?post=277394"},{"taxonomy":"post_tag","embeddable":true,"href":"https:\/\/www.europesays.com\/fr\/wp-json\/wp\/v2\/tags?post=277394"}],"curies":[{"name":"wp","href":"https:\/\/api.w.org\/{rel}","templated":true}]}}