{"id":277410,"date":"2025-07-27T12:52:10","date_gmt":"2025-07-27T12:52:10","guid":{"rendered":"https:\/\/www.europesays.com\/fr\/277410\/"},"modified":"2025-07-27T12:52:10","modified_gmt":"2025-07-27T12:52:10","slug":"une-jeune-influenceuse-ukrainienne-accuse-deux-riches-russes-de-lavoir-agressee-et-laissee-pour-morte-a-dubai","status":"publish","type":"post","link":"https:\/\/www.europesays.com\/fr\/277410\/","title":{"rendered":"Une jeune influenceuse ukrainienne accuse deux riches russes de l\u2019avoir agress\u00e9e et laiss\u00e9e pour morte \u00e0 Duba\u00ef"},"content":{"rendered":"<p>Quatre mois apr\u00e8s avoir <a href=\"https:\/\/www.20minutes.fr\/monde\/4145158-20250324-dubai-sait-etranges-blessures-mannequin-ukrainien-maria-kovalchuk\" target=\"_blank\" class=\"color-ultramarine c-link\" rel=\"nofollow noopener\">myst\u00e9rieusement disparu \u00e0 Duba\u00ef puis \u00eatre r\u00e9apparue<\/a> gri\u00e8vement bless\u00e9e, la mannequin ukrainienne Maria Kovalchuk s\u2019est confi\u00e9e \u00e0 Ksenia Sobtchak, l\u2019une des figures m\u00e9diatiques de l\u2019opposition lib\u00e9rale \u00e0 <a href=\"https:\/\/www.20minutes.fr\/monde\/vladimir_poutine\/\" target=\"_blank\" class=\"color-ultramarine c-link\" rel=\"nofollow noopener\">Vladimir Poutine<\/a>, et affirme avoir \u00e9t\u00e9 agress\u00e9e par deux jeunes millionnaires <a href=\"https:\/\/www.20minutes.fr\/monde\/russie\/\" target=\"_blank\" class=\"color-ultramarine c-link\" rel=\"nofollow noopener\">russes<\/a>.<\/p>\n<p>En mars, l\u2019influenceuse, \u00e2g\u00e9e de 20 ans, n\u2019avait pas pris le vol qu\u2019elle avait r\u00e9serv\u00e9 pour la <a href=\"https:\/\/www.20minutes.fr\/monde\/thailande\/\" target=\"_blank\" class=\"color-ultramarine c-link\" rel=\"nofollow noopener\">Tha\u00eflande <\/a>et \u00e9tait rest\u00e9e introuvable pendant huit jours. Elle avait \u00e9t\u00e9 retrouv\u00e9e gri\u00e8vement bless\u00e9e au bord d\u2019une route, victime de fractures \u00e0 la colonne vert\u00e9brale et \u00e0 plusieurs membres. Selon la police de <a href=\"https:\/\/www.20minutes.fr\/dossier\/dubai\" target=\"_blank\" class=\"color-ultramarine c-link\" rel=\"nofollow noopener\">Duba\u00ef<\/a>, la jeune femme aurait p\u00e9n\u00e9tr\u00e9 seule sur un chantier interdit d\u2019acc\u00e8s avant de faire une chute.<\/p>\n<p>Une soir\u00e9e qui aurait mal tourn\u00e9<\/p>\n<p>Lors de l\u2019interview avec Ksenia Sobtchak, Maria Kovalchuk, qui a d\u00fb subir plusieurs op\u00e9rations chirurgicales et reste handicap\u00e9e, nie cette version. Elle explique avoir \u00e9t\u00e9 agress\u00e9e par deux Russes, Artem Papazov et Alexander Laptinsky, lors d\u2019une soir\u00e9e organis\u00e9e par les enfants d\u2019hommes d\u2019affaires russes et ukrainiens \u00e0 laquelle elle avait \u00e9t\u00e9 invit\u00e9e, dans un h\u00f4tel de Duba\u00ef.<\/p>\n<p>Selon son r\u00e9cit, les participants \u00e0 la soir\u00e9e auraient bu de l\u2019alcool et consomm\u00e9 ce qui ressemble \u00e0 de la drogue avant de \u00ab\u00a0perdre la t\u00eate\u00a0\u00bb et de devenir violents verbalement envers la jeune influenceuse. Ils seraient devenus agressifs apr\u00e8s son refus d\u2019avoir des relations sexuelles avec eux et elle aurait r\u00e9ussi \u00e0 s\u2019enfuir et \u00e0 se cacher sur un chantier. Les deux hommes l\u2019auraient ensuite retrouv\u00e9e et violemment frapp\u00e9e, la laissant pour morte sur une route.<\/p>\n<\/p>\n<p>Les deux hommes qu\u2019elle accuse ont \u00e9t\u00e9 rel\u00e2ch\u00e9s apr\u00e8s un jour de d\u00e9tention et nient toute <a href=\"https:\/\/www.20minutes.fr\/dossier\/agression\" target=\"_blank\" class=\"color-ultramarine c-link\" rel=\"nofollow noopener\">agression<\/a>. Les cam\u00e9ras de surveillance de l\u2019h\u00f4tel, qui ne sont conserv\u00e9es que trois mois, sont d\u00e9sormais effac\u00e9es. La police ukrainienne a ouvert une enqu\u00eate pour \u00ab\u00a0trafic d\u2019\u00eatre humain\u00a0\u00bb, soup\u00e7onnant que la mannequin a \u00e9t\u00e9 invit\u00e9e \u00e0 une soir\u00e9e o\u00f9 des influenceuses sont pay\u00e9es pour se soumettre \u00e0 des pratiques d\u00e9gradantes.<\/p>\n","protected":false},"excerpt":{"rendered":"Quatre mois apr\u00e8s avoir myst\u00e9rieusement disparu \u00e0 Duba\u00ef puis \u00eatre r\u00e9apparue gri\u00e8vement bless\u00e9e, la mannequin ukrainienne Maria Kovalchuk&hellip;\n","protected":false},"author":2,"featured_media":277411,"comment_status":"","ping_status":"","sticky":false,"template":"","format":"standard","meta":{"footnotes":""},"categories":[5],"tags":[47,11,1120,2715,5017,1011,27,2438,14,74,12,8013,28],"class_list":{"0":"post-277410","1":"post","2":"type-post","3":"status-publish","4":"format-standard","5":"has-post-thumbnail","7":"category-international","8":"tag-actualite","9":"tag-actualites","10":"tag-agression","11":"tag-disparition","12":"tag-dubai","13":"tag-fr","14":"tag-france","15":"tag-influenceur","16":"tag-international","17":"tag-monde","18":"tag-news","19":"tag-russe","20":"tag-world"},"share_on_mastodon":{"url":"https:\/\/pubeurope.com\/@fr\/114925295677979062","error":""},"_links":{"self":[{"href":"https:\/\/www.europesays.com\/fr\/wp-json\/wp\/v2\/posts\/277410","targetHints":{"allow":["GET"]}}],"collection":[{"href":"https:\/\/www.europesays.com\/fr\/wp-json\/wp\/v2\/posts"}],"about":[{"href":"https:\/\/www.europesays.com\/fr\/wp-json\/wp\/v2\/types\/post"}],"author":[{"embeddable":true,"href":"https:\/\/www.europesays.com\/fr\/wp-json\/wp\/v2\/users\/2"}],"replies":[{"embeddable":true,"href":"https:\/\/www.europesays.com\/fr\/wp-json\/wp\/v2\/comments?post=277410"}],"version-history":[{"count":0,"href":"https:\/\/www.europesays.com\/fr\/wp-json\/wp\/v2\/posts\/277410\/revisions"}],"wp:featuredmedia":[{"embeddable":true,"href":"https:\/\/www.europesays.com\/fr\/wp-json\/wp\/v2\/media\/277411"}],"wp:attachment":[{"href":"https:\/\/www.europesays.com\/fr\/wp-json\/wp\/v2\/media?parent=277410"}],"wp:term":[{"taxonomy":"category","embeddable":true,"href":"https:\/\/www.europesays.com\/fr\/wp-json\/wp\/v2\/categories?post=277410"},{"taxonomy":"post_tag","embeddable":true,"href":"https:\/\/www.europesays.com\/fr\/wp-json\/wp\/v2\/tags?post=277410"}],"curies":[{"name":"wp","href":"https:\/\/api.w.org\/{rel}","templated":true}]}}