{"id":277412,"date":"2025-07-27T12:53:11","date_gmt":"2025-07-27T12:53:11","guid":{"rendered":"https:\/\/www.europesays.com\/fr\/277412\/"},"modified":"2025-07-27T12:53:11","modified_gmt":"2025-07-27T12:53:11","slug":"la-france-oeuvrera-sans-relache-pour-convaincre-dautres-pays-de-reconnaitre-la-palestine-assure-jean-noel-barrot","status":"publish","type":"post","link":"https:\/\/www.europesays.com\/fr\/277412\/","title":{"rendered":"La France \u0153uvrera \u00absans rel\u00e2che\u00bb pour convaincre d\u2019autres pays de reconna\u00eetre la Palestine, assure Jean-No\u00ebl Barrot"},"content":{"rendered":"<p>Pour le ministre des Affaires \u00e9trang\u00e8res, la d\u00e9cision d\u2019Emmanuel Macron de reconna\u00eetre l\u2019\u00c9tat de Palestine incitera les pays arabes \u00e0 condamner \u00abpour la premi\u00e8re fois\u00bb le Hamas et \u00e0 demander son d\u00e9sarmement.<\/p>\n<p class=\"fig-paragraph\">\u00abLa perspective de l\u2019existence d\u2019un \u00c9tat de Palestine n\u2019a jamais \u00e9t\u00e9 aussi menac\u00e9e ni aussi n\u00e9cessaire.\u00bb Ce dimanche 27 juillet, Jean-No\u00ebl Barrot d\u00e9fend dans les pages de la Tribune Dimanche la reconnaissance \u00e0 venir de l\u2019\u00c9tat palestinien par la France. Trois jours apr\u00e8s l\u2019annonce du pr\u00e9sident d\u2019une reconnaissance formelle par la France d\u2019un \u00c9tat de Palestine lors de l\u2019Assembl\u00e9e g\u00e9n\u00e9rale des Nations unies, le ministre des Affaires \u00e9trang\u00e8res justifie la d\u00e9cision d\u2019Emmanuel Macron, tr\u00e8s mal re\u00e7ue en Isra\u00ebl, accueillie de mani\u00e8re contrast\u00e9e\u00a0<a href=\"http:\/\/www.lefigaro.fr\/international\/l-allemagne-n-envisage-pas-de-reconnaitre-un-etat-palestinien-a-court-terme-20250725\" target=\"_blank\" data-fig-type=\"NewsFlash\" rel=\"noopener nofollow\" data-gtm-custom-categorie=\"navigation\" data-gtm-custom-action=\"crossclick\" data-gtm-custom-label=\"Contextuel\" data-gtm-event=\"customEventSPE\" data-fig-domain=\"LEFIGARO\">par ses alli\u00e9s europ\u00e9ens<\/a>, en invoquant une situation in\u00e9dite depuis les accords d\u2019Oslo.<\/p>\n<p class=\"fig-paragraph\">Ceux-l\u00e0, conclus en 1993 par le chef de l\u2019organisation de lib\u00e9ration de la Palestine (OLP), Yasser Arafat et le premier ministre isra\u00e9lien\u00a0<a href=\"https:\/\/www.lefigaro.fr\/histoire\/archives\/2015\/11\/04\/26010-20151104ARTFIG00110-yitzhak-rabin-assassine-en-1995-par-un-extremiste-juif-sur-l-ordre-de-dieu.php\" target=\"_blank\" data-fig-type=\"Article\" rel=\"noopener nofollow\" data-gtm-custom-categorie=\"navigation\" data-gtm-custom-action=\"crossclick\" data-gtm-custom-label=\"Contextuel\" data-gtm-event=\"customEventSPE\" data-fig-domain=\"LEFIGARO\">Yitzhak Rabin<\/a>, devaient pr\u00e9parer \u00e0 une autonomie palestinienne. Soumis \u00e0 plusieurs conditions dont le rejet du terrorisme par l\u2019OLP, ils n\u2019ont pas abouti. Au regard de ces exigences initiales, la reconnaissance de l\u2019\u00c9tat palestinien alors que des otages du 7 Octobre sont toujours d\u00e9tenus par le Hamas peut passer pour une contradiction.<\/p>\n<p>                                    <a class=\"fig-a11y-skip a11y-hidden\" href=\"#fig-a11y-skip-main-inarticle\"><br \/>\n        Passer la publicit\u00e9<br \/>\n    <\/a><\/p>\n<p class=\"fig-paragraph\">\u00abCette d\u00e9cision l\u00e9gitime les massacreurs du 7 Octobre et leur cort\u00e8ge de souffrances\u00bb\u00a0<a href=\"http:\/\/www.lefigaro.fr\/politique\/victoire-morale-enfin-cadeau-au-hamas-la-future-reconnaissance-d-un-etat-palestinien-par-la-france-fracture-la-classe-politique-20250724\" target=\"_blank\" data-fig-type=\"NewsFlash\" rel=\"noopener nofollow\" data-gtm-custom-categorie=\"navigation\" data-gtm-custom-action=\"crossclick\" data-gtm-custom-label=\"Contextuel\" data-gtm-event=\"customEventSPE\" data-fig-domain=\"LEFIGARO\">a ainsi estim\u00e9 Marine Le Pen<\/a>. Pas du tout, estime Jean-No\u00ebl Barrot pour qui ces deux sujets peuvent se mener de front. \u00abLe Hamas doit \u00eatre d\u00e9sarm\u00e9 et exclu durablement de toute gouvernance de Gaza et de la Palestine. L\u2019Autorit\u00e9 palestinienne doit \u00eatre profond\u00e9ment r\u00e9form\u00e9e. Les pays arabes doivent normaliser leur relation avec l\u2019\u00c9tat d\u2019Isra\u00ebl et construire avec lui une architecture commune de s\u00e9curit\u00e9\u00bb, d\u00e9taille-t-il \u00e0 nos confr\u00e8res de\u00a0<a href=\"https:\/\/www.latribune.fr\/la-tribune-dimanche\/dans-le-monde\/jean-noel-barrot-ministre-de-l-europe-et-des-affaires-etrangeres-a-new-york-nous-allons-consacrer-l-isolement-definitif-du-hamas-1030424.html\" target=\"_blank\" rel=\"sponsored noopener nofollow\" data-gtm-custom-categorie=\"navigation\" data-gtm-custom-action=\"crossclick\" data-gtm-custom-label=\"Contextuel\" data-gtm-event=\"customEventSPE\">La Tribune<\/a> . \u00c0 Netanyahou qui lui reproche \u00abd\u2019encourager la terreur\u00bb, Barrot r\u00e9pond\u00a0: \u00abJe renvoie le premier ministre isra\u00e9lien \u00e0 son\u00a0<a href=\"https:\/\/www.lefigaro.fr\/international\/2013\/07\/22\/01003-20130722ARTFIG00225-israeliens-et-palestiniens-encore-tres-loin-de-s-entendre.php\" target=\"_blank\" data-fig-type=\"Article\" rel=\"noopener nofollow\" data-gtm-custom-categorie=\"navigation\" data-gtm-custom-action=\"crossclick\" data-gtm-custom-label=\"Contextuel\" data-gtm-event=\"customEventSPE\" data-fig-domain=\"LEFIGARO\">discours de Bar-Ilan<\/a> \u00a0de 2009 dans lequel il d\u00e9finissait les conditions d\u2019une solution \u00e0 deux \u00c9tats. Ces conditions ne sont ni plus ni moins que celles que nous avons mises sur la table.\u00bb\u00a0<\/p>\n<blockquote class=\"fig-quote&#10;    \">\n<p class=\"fig-quote__text\">Comment s\u2019\u00e9tonner de la faiblesse de l\u2019Autorit\u00e9 palestinienne quand on la prive de 2 milliards d\u2019euros\u00a0?<\/p>\n<p>            Jean-No\u00ebl Barrot\n    <\/p><\/blockquote>\n<p class=\"fig-paragraph\">Pour mettre fin au conflit \u00e0 Gaza, Barrot consid\u00e8re que le levier le plus puissant est entre les mains de l\u2019Union europ\u00e9enne. Qui doit, poursuit-il, \u00abexiger la lev\u00e9e du blocus financier et le paiement des sommes dues \u00e0 l\u2019Autorit\u00e9 palestinienne par Isra\u00ebl\u00bb. Soit deux milliards d\u2019euros. Les accords d\u2019Oslo pr\u00e9voyaient en effet la collecte par l\u2019\u00c9tat h\u00e9breu des taxes sur les importations et exportations palestiniennes transitant par ses ports et fronti\u00e8res. Lesdites taxes devaient ensuite \u00eatre revers\u00e9es \u00e0\u00a0<a href=\"http:\/\/www.lefigaro.fr\/international\/ils-nous-torturent-et-s-amusent-a-nous-humilier-a-jenine-l-autorite-palestinienne-s-efforce-de-reprendre-la-main-20250111\" target=\"_blank\" data-fig-type=\"Article\" rel=\"noopener nofollow\" data-gtm-custom-categorie=\"navigation\" data-gtm-custom-action=\"crossclick\" data-gtm-custom-label=\"Contextuel\" data-gtm-event=\"customEventSPE\" data-fig-domain=\"LEFIGARO\">l\u2019Autorit\u00e9 Palestinienne<\/a>\u00a0pour financer son budget, le traitement des fonctionnaires par exemple. Ces transferts de fonds ont r\u00e9guli\u00e8rement \u00e9t\u00e9 gel\u00e9s par Tel Aviv, pour des motifs politiques ou par crainte qu\u2019ils ne financent le Hamas. \u00abComment s\u2019\u00e9tonner de la faiblesse de cette Autorit\u00e9 quand on la prive de 2 milliards d\u2019euros\u00a0?\u00bb demande Jean-No\u00ebl Barrot.<\/p>\n<p>Un \u00c9tat qui sera d\u00e9sarm\u00e9<\/p>\n<p class=\"fig-paragraph\">D\u2019ici au 21 septembre, date de l\u2019annonce officielle \u00e0 l\u2019Assembl\u00e9e g\u00e9n\u00e9rale de l\u2019ONU, la France \u0153uvrera \u00absans rel\u00e2che pour r\u00e9unir d\u2019autres pays susceptibles de reconna\u00eetre la Palestine, et de nouveaux engagements des pays arabes vis-\u00e0-vis de la s\u00e9curit\u00e9 d\u2019Isra\u00ebl\u00bb assure le ministre. \u00c0 l\u2019en croire, le fait que notre pays soit le premier du G7 \u00e0 franchir ce pas entra\u00eenera les autres et convaincra les pays arabes \u00e0 condamner \u00abpour la premi\u00e8re fois\u00bb le Hamas et \u00e0 demander son d\u00e9sarmement. Le ministre affirme que ces annonces pourraient avoir lieu d\u00e8s cette semaine lors de la conf\u00e9rence qui se tient lundi et mardi \u00e0 New York sous l\u2019\u00e9gide des Nations unies.<\/p>\n<p class=\"fig-paragraph\">Pour que l\u2019\u00c9tat de Palestine soit viable et ne reste pas une promesse symbolique, le ministre des Affaires \u00e9trang\u00e8res attend un certain nombre d\u2019engagements de la part de l\u2019Autorit\u00e9 palestinienne. En premier lieu desquels le respect de la s\u00e9curit\u00e9 d\u2019Isra\u00ebl. Comme preuve de sa bonne volont\u00e9, Jean-No\u00ebl Barrot cite\u00a0<a href=\"http:\/\/www.lefigaro.fr\/international\/gaza-mahmoud-abbas-ecrit-a-macron-et-se-dit-favorable-a-ce-que-le-hamas-soit-demilitarise-et-ecarte-de-la-future-gouvernance-20250610\" target=\"_blank\" data-fig-type=\"NewsFlash\" rel=\"noopener nofollow\" data-gtm-custom-categorie=\"navigation\" data-gtm-custom-action=\"crossclick\" data-gtm-custom-label=\"Contextuel\" data-gtm-event=\"customEventSPE\" data-fig-domain=\"LEFIGARO\">cette lettre envoy\u00e9e par Mahmoud Abbas<\/a>\u00a0en juin au pr\u00e9sident Macron. Le chef de l\u2019autorit\u00e9 palestinienne a \u00abpour la premi\u00e8re fois qualifi\u00e9 le 7 octobre 2023 d\u2019attentat \u201cterroriste\u201d\u00bb et accept\u00e9 \u00abque cet \u00c9tat de Palestine soit d\u00e9militaris\u00e9\u00bb afin de ne pr\u00e9senter \u00abaucune menace pour la s\u00e9curit\u00e9 d\u2019Isra\u00ebl\u00bb, se f\u00e9licite le ministre des Affaires \u00e9trang\u00e8res.<\/p>\n","protected":false},"excerpt":{"rendered":"Pour le ministre des Affaires \u00e9trang\u00e8res, la d\u00e9cision d\u2019Emmanuel Macron de reconna\u00eetre l\u2019\u00c9tat de Palestine incitera les pays&hellip;\n","protected":false},"author":2,"featured_media":277413,"comment_status":"","ping_status":"","sticky":false,"template":"","format":"standard","meta":{"footnotes":""},"categories":[4],"tags":[11,41656,1011,27,665,12,25],"class_list":{"0":"post-277412","1":"post","2":"type-post","3":"status-publish","4":"format-standard","5":"has-post-thumbnail","7":"category-france","8":"tag-actualites","9":"tag-autorite-palestinienne","10":"tag-fr","11":"tag-france","12":"tag-gaza","13":"tag-news","14":"tag-republique-francaise"},"share_on_mastodon":{"url":"https:\/\/pubeurope.com\/@fr\/114925299515880787","error":""},"_links":{"self":[{"href":"https:\/\/www.europesays.com\/fr\/wp-json\/wp\/v2\/posts\/277412","targetHints":{"allow":["GET"]}}],"collection":[{"href":"https:\/\/www.europesays.com\/fr\/wp-json\/wp\/v2\/posts"}],"about":[{"href":"https:\/\/www.europesays.com\/fr\/wp-json\/wp\/v2\/types\/post"}],"author":[{"embeddable":true,"href":"https:\/\/www.europesays.com\/fr\/wp-json\/wp\/v2\/users\/2"}],"replies":[{"embeddable":true,"href":"https:\/\/www.europesays.com\/fr\/wp-json\/wp\/v2\/comments?post=277412"}],"version-history":[{"count":0,"href":"https:\/\/www.europesays.com\/fr\/wp-json\/wp\/v2\/posts\/277412\/revisions"}],"wp:featuredmedia":[{"embeddable":true,"href":"https:\/\/www.europesays.com\/fr\/wp-json\/wp\/v2\/media\/277413"}],"wp:attachment":[{"href":"https:\/\/www.europesays.com\/fr\/wp-json\/wp\/v2\/media?parent=277412"}],"wp:term":[{"taxonomy":"category","embeddable":true,"href":"https:\/\/www.europesays.com\/fr\/wp-json\/wp\/v2\/categories?post=277412"},{"taxonomy":"post_tag","embeddable":true,"href":"https:\/\/www.europesays.com\/fr\/wp-json\/wp\/v2\/tags?post=277412"}],"curies":[{"name":"wp","href":"https:\/\/api.w.org\/{rel}","templated":true}]}}