{"id":277416,"date":"2025-07-27T12:55:47","date_gmt":"2025-07-27T12:55:47","guid":{"rendered":"https:\/\/www.europesays.com\/fr\/277416\/"},"modified":"2025-07-27T12:55:47","modified_gmt":"2025-07-27T12:55:47","slug":"loire-corne-daurochs-le-bouchon-lyonnais-a-la-sauce-stephanoise-signe-nourredine-hamache","status":"publish","type":"post","link":"https:\/\/www.europesays.com\/fr\/277416\/","title":{"rendered":"Loire. Corne d\u2019aurochs, le bouchon lyonnais \u00e0 la sauce st\u00e9phanoise sign\u00e9 Nourredine Hamache"},"content":{"rendered":"<p>En novembre prochain, cette institution locale f\u00eatera ses 40 ans. \u00c0 sa t\u00eate depuis bient\u00f4t deux ans, le chef Nourredine Hamache a su lui redonner un nouveau souffle sans trahir son \u00e2me. \u00ab\u00a0J\u2019y venais enfant, confie-t-il. Le restaurant a ouvert quand j\u2019avais 9 ans. J\u2019y \u00e9tais d\u00e9j\u00e0 tr\u00e8s attach\u00e9.\u00a0\u00bb<\/p>\n<p>Un lien affectif profond doubl\u00e9 d\u2019un v\u00e9ritable retour aux sources, puisqu\u2019il s\u2019est r\u00e9install\u00e9 dans la m\u00eame rue apr\u00e8s avoir longtemps travaill\u00e9 loin de sa ville natale.<\/p>\n<p>Une cuisine \u00e9quilibr\u00e9e<\/p>\n<p>Form\u00e9 \u00e0 l\u2019\u00e9cole h\u00f4teli\u00e8re de Saint-Chamond, il poursuit son parcours avec un BP au CFA des Mouliniers, puis un BM en cours du soir. Il int\u00e8gre ensuite l\u2019\u00e9cole des chefs de Marc Veyrat, multiplie les exp\u00e9riences (restaurants, formation agroalimentaire,&#8230;<\/p>\n","protected":false},"excerpt":{"rendered":"En novembre prochain, cette institution locale f\u00eatera ses 40 ans. \u00c0 sa t\u00eate depuis bient\u00f4t deux ans, le&hellip;\n","protected":false},"author":2,"featured_media":277417,"comment_status":"","ping_status":"","sticky":false,"template":"","format":"standard","meta":{"footnotes":""},"categories":[9653],"tags":[1111,11,2430,1687,7539,1777,674,1011,27,3367,6016,12,25,4001,7538,4604,273,10806],"class_list":{"0":"post-277416","1":"post","2":"type-post","3":"status-publish","4":"format-standard","5":"has-post-thumbnail","7":"category-saint-etienne","8":"tag-actu","9":"tag-actualites","10":"tag-auvergne-rhone-alpes","11":"tag-culture-loisirs","12":"tag-edition-loire-sud","13":"tag-eu","14":"tag-europe","15":"tag-fr","16":"tag-france","17":"tag-loire","18":"tag-magazine-cuisine-et-vins","19":"tag-news","20":"tag-republique-francaise","21":"tag-saint-etienne","22":"tag-saint-etienne-ville","23":"tag-selection-abonne","24":"tag-selection-de-la-redaction","25":"tag-selection-de-la-redaction-42"},"share_on_mastodon":{"url":"https:\/\/pubeurope.com\/@fr\/114925311268328643","error":""},"_links":{"self":[{"href":"https:\/\/www.europesays.com\/fr\/wp-json\/wp\/v2\/posts\/277416","targetHints":{"allow":["GET"]}}],"collection":[{"href":"https:\/\/www.europesays.com\/fr\/wp-json\/wp\/v2\/posts"}],"about":[{"href":"https:\/\/www.europesays.com\/fr\/wp-json\/wp\/v2\/types\/post"}],"author":[{"embeddable":true,"href":"https:\/\/www.europesays.com\/fr\/wp-json\/wp\/v2\/users\/2"}],"replies":[{"embeddable":true,"href":"https:\/\/www.europesays.com\/fr\/wp-json\/wp\/v2\/comments?post=277416"}],"version-history":[{"count":0,"href":"https:\/\/www.europesays.com\/fr\/wp-json\/wp\/v2\/posts\/277416\/revisions"}],"wp:featuredmedia":[{"embeddable":true,"href":"https:\/\/www.europesays.com\/fr\/wp-json\/wp\/v2\/media\/277417"}],"wp:attachment":[{"href":"https:\/\/www.europesays.com\/fr\/wp-json\/wp\/v2\/media?parent=277416"}],"wp:term":[{"taxonomy":"category","embeddable":true,"href":"https:\/\/www.europesays.com\/fr\/wp-json\/wp\/v2\/categories?post=277416"},{"taxonomy":"post_tag","embeddable":true,"href":"https:\/\/www.europesays.com\/fr\/wp-json\/wp\/v2\/tags?post=277416"}],"curies":[{"name":"wp","href":"https:\/\/api.w.org\/{rel}","templated":true}]}}