{"id":277428,"date":"2025-07-27T13:12:30","date_gmt":"2025-07-27T13:12:30","guid":{"rendered":"https:\/\/www.europesays.com\/fr\/277428\/"},"modified":"2025-07-27T13:12:30","modified_gmt":"2025-07-27T13:12:30","slug":"un-festival-gratuit-sinstalle-au-parc-des-gayeulles-a-rennes-3","status":"publish","type":"post","link":"https:\/\/www.europesays.com\/fr\/277428\/","title":{"rendered":"Un festival gratuit s\u2019installe au Parc des\u00a0Gayeulles \u00e0\u00a0Rennes"},"content":{"rendered":"<p>Ce samedi 26\u00a0juillet 2025, l\u2019ambiance est aux grandes vacances et non aux cahiers de vacances\u00a0! Comme \u00c7a &amp; Turtle pr\u00e9sentent\u00a0: 1, 2, 3\u00a0SOLEIL, un grand open air gratuit, version cours de r\u00e9cr\u00e9ation, en plein c\u0153ur du parc des\u00a0Gayeulles, \u00e0 Rennes (Ille-et-Vilaine). Le festival accueille deux sc\u00e8nes, une \u00ab\u00a0garderie\u00a0\u00bb (village cr\u00e9atif), bars, stands de nourriture et de nombreuses animations.<\/p>\n<p>De 14\u00a0h \u00e0 21\u00a0h, une dizaine d\u2019artistes se produiront sur sc\u00e8ne. En t\u00eate d\u2019affiche\u00a0: David Vunk, figure excentrique de la sc\u00e8ne \u00e9lectro n\u00e9erlandaise, surnomm\u00e9 \u201cla b\u00eate de Rotterdam\u201d. \u00c0 retrouver \u00e9galement\u00a0: Crossingknowledge, un duo \u00e0 la fronti\u00e8re de la house et de ses \u00e9manations, l\u2019artiste Hip-Hop Ninjaa, les DJs Sowe et\u00a0Dojoad et bien d\u2019autres.<\/p>\n<\/p>\n<p>L\u2019\u00e9v\u00e9nement s\u2019amuse autour du th\u00e8me de l\u2019\u00e9cole. Le village \u00ab\u00a0La Garderie\u00a0\u00bb proposera notamment un stand \u00ab\u00a0photo de classe\u00a0\u00bb, un voyage dans le temps des cahiers, crayons et cartables. C\u2019est aussi un lieu o\u00f9 artisans et cr\u00e9ateurs locaux proposeront plusieurs produits \u00e0 la vente.\u00a0Bars et food trucks\u00a0sont accessibles. Au menu\u00a0: burgers et cr\u00eapes. Et pour ceux qui aiment pousser la chansonnette, un karaok\u00e9 sera au programme de cette journ\u00e9e festive.<\/p>\n<p><strong>Le 26\u00a0juillet 2025<\/strong> de 14\u00a0h\u00a0\u00e0 21\u00a0h, parc des Gayeulles, rue du Professeur Maurice Audin, Rennes, gratuit.<\/p>\n<p>\u00a0<\/p>\n","protected":false},"excerpt":{"rendered":"Ce samedi 26\u00a0juillet 2025, l\u2019ambiance est aux grandes vacances et non aux cahiers de vacances\u00a0! Comme \u00c7a &amp;&hellip;\n","protected":false},"author":2,"featured_media":274665,"comment_status":"","ping_status":"","sticky":false,"template":"","format":"standard","meta":{"footnotes":""},"categories":[2821],"tags":[1111,11,829,1777,674,849,1011,27,41417,326,14191,12,153,584,25],"class_list":{"0":"post-277428","1":"post","2":"type-post","3":"status-publish","4":"format-standard","5":"has-post-thumbnail","7":"category-rennes","8":"tag-actu","9":"tag-actualites","10":"tag-bretagne","11":"tag-eu","12":"tag-europe","13":"tag-festival","14":"tag-fr","15":"tag-france","16":"tag-gayeulles","17":"tag-gratuit","18":"tag-installe","19":"tag-news","20":"tag-parc","21":"tag-rennes","22":"tag-republique-francaise"},"share_on_mastodon":{"url":"https:\/\/pubeurope.com\/@fr\/114925374259622135","error":""},"_links":{"self":[{"href":"https:\/\/www.europesays.com\/fr\/wp-json\/wp\/v2\/posts\/277428","targetHints":{"allow":["GET"]}}],"collection":[{"href":"https:\/\/www.europesays.com\/fr\/wp-json\/wp\/v2\/posts"}],"about":[{"href":"https:\/\/www.europesays.com\/fr\/wp-json\/wp\/v2\/types\/post"}],"author":[{"embeddable":true,"href":"https:\/\/www.europesays.com\/fr\/wp-json\/wp\/v2\/users\/2"}],"replies":[{"embeddable":true,"href":"https:\/\/www.europesays.com\/fr\/wp-json\/wp\/v2\/comments?post=277428"}],"version-history":[{"count":0,"href":"https:\/\/www.europesays.com\/fr\/wp-json\/wp\/v2\/posts\/277428\/revisions"}],"wp:featuredmedia":[{"embeddable":true,"href":"https:\/\/www.europesays.com\/fr\/wp-json\/wp\/v2\/media\/274665"}],"wp:attachment":[{"href":"https:\/\/www.europesays.com\/fr\/wp-json\/wp\/v2\/media?parent=277428"}],"wp:term":[{"taxonomy":"category","embeddable":true,"href":"https:\/\/www.europesays.com\/fr\/wp-json\/wp\/v2\/categories?post=277428"},{"taxonomy":"post_tag","embeddable":true,"href":"https:\/\/www.europesays.com\/fr\/wp-json\/wp\/v2\/tags?post=277428"}],"curies":[{"name":"wp","href":"https:\/\/api.w.org\/{rel}","templated":true}]}}