{"id":277431,"date":"2025-07-27T13:14:25","date_gmt":"2025-07-27T13:14:25","guid":{"rendered":"https:\/\/www.europesays.com\/fr\/277431\/"},"modified":"2025-07-27T13:14:25","modified_gmt":"2025-07-27T13:14:25","slug":"le-1er-et-2-aout-lalsace-va-celebrer-les-nuits-des-etoiles","status":"publish","type":"post","link":"https:\/\/www.europesays.com\/fr\/277431\/","title":{"rendered":"le 1er et 2 ao\u00fbt, l\u2019Alsace va c\u00e9l\u00e9brer les Nuits des \u00e9toiles !"},"content":{"rendered":"<p>    <img loading=\"lazy\" width=\"1800\" height=\"900\" src=\"https:\/\/www.europesays.com\/fr\/wp-content\/uploads\/2025\/04\/jeanne-callthepolice.jpg\" class=\"attachment-full size-full\" alt=\"\" id=\"imageLove\" decoding=\"async\"  \/><\/p>\n<p id=\"breadcrumbs\"><a href=\"https:\/\/pokaa.fr\/\" target=\"_blank\" rel=\"noopener\">Accueil<\/a> \/ <a href=\"https:\/\/pokaa.fr\/categories\/ses-sorties\/\" target=\"_blank\" rel=\"noopener\">Sorties<\/a> \/ Vers l\u2019infini et au-del\u00e0 : le 1er et 2 ao\u00fbt, l\u2019Alsace va c\u00e9l\u00e9brer les Nuits des \u00e9toiles !<\/p>\n<p>                    Sorties<\/p>\n<p><strong>Passionn\u00e9(e)s d\u2019astronomie ou simples curieux\/ses, restez par ici : le 1er et 2 ao\u00fbt, Strasbourg et l\u2019Alsace f\u00eatent Les Nuits des \u00e9toiles. Au programme, observations et d\u00e9couverte d\u2019instruments avec des sp\u00e9cialistes. On vous dit tout sur les rendez-vous propos\u00e9s.<\/strong><\/p>\n<p>Si vous voulez passer un moment hors du temps \u00e0 <strong>contempler le ciel et d\u00e9couvrir ses secrets,<\/strong> <strong>Les Nuits des \u00e9toiles sont LE rendez-vous de l\u2019ann\u00e9e. <\/strong>Pour r\u00e9galer tout le monde, <strong>plusieurs \u00e9v\u00e9nements sont organis\u00e9s \u00e0 Strasbourg et en Alsace.\u00a0<\/strong><\/p>\n<p>                <img width=\"765\" height=\"500\" src=\"https:\/\/www.europesays.com\/fr\/wp-content\/uploads\/2025\/07\/capture-decran-2025-07-23-173851-765x500.png\" class=\"attachment-gallery size-gallery\" alt=\"Lune ciel \u00e9toiles\" data-full-url=\"https:\/\/pokaa.fr\/wp-content\/uploads\/2025\/07\/23\/capture-decran-2025-07-23-173851-1500x980.png\" decoding=\"async\" loading=\"lazy\"  \/>            <\/p>\n<p>                <img width=\"751\" height=\"500\" src=\"https:\/\/www.europesays.com\/fr\/wp-content\/uploads\/2025\/07\/nuit-des-etoiles-2019-strasbourg-pokaa-3.jpg\" class=\"attachment-gallery size-gallery\" alt=\"nuit des \u00e9toiles 2019 strasbourg pokaa 3\" data-full-url=\"https:\/\/www.europesays.com\/fr\/wp-content\/uploads\/2025\/07\/nuit-des-etoiles-2019-strasbourg-pokaa-3.jpg\" decoding=\"async\" loading=\"lazy\"  \/>            <\/p>\n<p>                    1. \u00a9 Marie Goehner-David \/ Pokaa ; 2. \u00a9 Document remis<\/p>\n<p>\u00c0 Strasbourg, des rendez-vous victimes de leur succ\u00e8s<\/p>\n<p>\u00c0 Strasbourg, deux animations dans deux spots diff\u00e9rents sont propos\u00e9es le 1er ao\u00fbt : dans <strong>les jardins de l\u2019observatoire,<\/strong> vous pourrez rencontrer des m\u00e9diateurs\/rices scientifiques ou passionn\u00e9(e)s et apprendre \u00e0 <strong>observer le ciel avec des instruments, <\/strong>mais\u00a0aussi\u00a0d\u00e9couvrir plein de secrets.<\/p>\n<p>Vous pourrez \u00e9galement mettre les pieds dans <strong>la grande coupole, lieu magique et rempli d\u2019histoire, pour vous familiariser avec la c\u00e9l\u00e8bre grande lunette.<\/strong><\/p>\n<p>    <img width=\"800\" height=\"600\" src=\"https:\/\/www.europesays.com\/fr\/wp-content\/uploads\/2025\/07\/planetarium-strasbourg-800x600.jpg\" class=\"attachment-image-size-L size-image-size-L\" alt=\"planetarium-strasbourg\" decoding=\"async\" loading=\"lazy\"  \/>         \u00a9 Coraline Lafon \/ Pokaa <\/p>\n<p>Le tout anim\u00e9 par les \u00e9quipes de l\u2019Observatoire astronomique de Strasbourg, mais aussi l\u2019Association fran\u00e7aise d\u2019astronomie, la Soci\u00e9t\u00e9 astronomique de France groupe d\u2019Alsace, et l\u2019Association nationale pour la protection du ciel et de l\u2019environnement nocturnes. <strong>De quoi papoter \u00e9toiles et astres \u00e0 gogo !<\/strong><\/p>\n<p><strong>L\u2019\u00e9v\u00e9nement est gratuit et malheureusement les deux rendez-vous sont d\u00e9j\u00e0 complets\u2026 <\/strong>Mais sait-on jamais, on partage quand m\u00eame avec vous les liens vers les billetteries :\u00a0<a href=\"https:\/\/my.weezevent.com\/nuit-des-etoiles-observations-dans-les-jardins\" target=\"_blank\" rel=\"noopener\">par ici pour les jardins<\/a>\u00a0et <a href=\"https:\/\/my.weezevent.com\/nuit-des-etoiles-observations-depuis-la-grande-coupole\" target=\"_blank\" rel=\"noopener\">par l\u00e0 pour la grande coupole<\/a>.<\/p>\n<p>    <img width=\"800\" height=\"457\" src=\"https:\/\/www.europesays.com\/fr\/wp-content\/uploads\/2025\/07\/nuit-des-etoiles-800x457.png\" class=\"attachment-image-size-L size-image-size-L\" alt=\"nuit des \u00e9toiles\" decoding=\"async\" loading=\"lazy\"  \/>         \u00a9 Pexels \/ Photo d&rsquo;illustration <\/p>\n<p>Voir les \u00e9toiles en Alsace<\/p>\n<p>Si les places \u00e0 Strasbourg sont toutes parties comme des petits pains, pas de panique ! Si faire un petit bout de chemin ne vous fait pas peur, <strong>d\u2019autres options vous attendent en Alsace.\u00a0<\/strong><\/p>\n<p>\u00c0 <strong><a href=\"https:\/\/www.afastronomie.fr\/manifestations\/nuits-des-etoiles-31\" target=\"_blank\" rel=\"noopener\">Bouxwiller<\/a><\/strong>, le\u00a0Club Hanau Astronomie animera, le 1er ao\u00fbt \u00e9galement, une soir\u00e9e d\u2019observation. Toujours le m\u00eame soir, vous pouvez vous rendre \u00e0 Maison de la nature du Ried et de l\u2019Alsace centrale \u00e0 <strong><a href=\"https:\/\/www.afastronomie.fr\/manifestations\/nuit-des-etoiles-1\" target=\"_blank\" rel=\"noopener\">Muttersholtz<\/a>,<\/strong> ou encore profiter des animations du Club d\u2019Astronomie Quasar 67 \u00e0 <strong><a href=\"https:\/\/www.afastronomie.fr\/manifestations\/nuits-des-etoiles-17\" target=\"_blank\" rel=\"noopener\">Pfaffenhoffen<\/a>.<\/strong><\/p>\n<p>    <img width=\"800\" height=\"533\" src=\"https:\/\/www.europesays.com\/fr\/wp-content\/uploads\/2025\/07\/champ-du-feu-coucher-de-soleil-24-800x533.jpg\" class=\"attachment-image-size-L size-image-size-L\" alt=\"Champ du feu coucher de soleil (24)\" decoding=\"async\" loading=\"lazy\"  \/>         \u00a9 Marie Goehner-David \/ Pokaa <\/p>\n<p>Pour celles et ceux qui sont occup\u00e9(e)s ce soir-l\u00e0, ou si le temps ne se veut pas cl\u00e9ment, la soir\u00e9e du 2 ao\u00fbt aura aussi droit \u00e0 son lot d\u2019animations. Rendez-vous avec <a href=\"https:\/\/www.afastronomie.fr\/structures\/nemesis-association-d-astronomie-de-saverne\" target=\"_blank\" rel=\"noopener\">Nemesis Association d\u2019astronomie de <strong>Saverne<\/strong><\/a> \u00e0 partir de 14h, ou \u00e0 partir de 21h avec le <a href=\"https:\/\/www.afastronomie.fr\/structures\/club-d-astronomie-de-kintzheim-1\" target=\"_blank\" rel=\"noopener\">Club d\u2019Astronomie de <strong>Kintzheim<\/strong><\/a> !<\/p>\n<p>Et pour les plus t\u00e9m\u00e9raires, vous pouvez toujours aller vous balader du c\u00f4t\u00e9 <strong>du Donon ou du Champ du feu<\/strong>, point culminant du Bas-Rhin, pour r\u00e9galer vos yeux\u2026 Et <strong>pourquoi pas profiter d\u2019un coucher de soleil grandiose au passage.<\/strong><\/p>\n<p>                <a href=\"https:\/\/pokaa.fr\/2025\/05\/31\/prendre-de-la-hauteur-coucher-de-soleil-au-champ-du-feu-a-45-minutes-de-strasbourg\/\" target=\"_blank\" rel=\"noopener\"><br \/>\n                    <img width=\"450\" height=\"270\" src=\"https:\/\/www.europesays.com\/fr\/wp-content\/uploads\/2025\/07\/champ-du-feu-coucher-de-soleil-23-450x270.jpg\" class=\"attachment-card-horizontal--same-subject size-card-horizontal--same-subject wp-post-image\" alt=\"\" decoding=\"async\" loading=\"lazy\"\/>                <\/a><\/p>\n","protected":false},"excerpt":{"rendered":"Accueil \/ Sorties \/ Vers l\u2019infini et au-del\u00e0 : le 1er et 2 ao\u00fbt, l\u2019Alsace va c\u00e9l\u00e9brer les&hellip;\n","protected":false},"author":2,"featured_media":277432,"comment_status":"","ping_status":"","sticky":false,"template":"","format":"standard","meta":{"footnotes":""},"categories":[2820],"tags":[1111,11,2389,1777,674,1011,27,775,12,41657,41658,41659,25,640],"class_list":{"0":"post-277431","1":"post","2":"type-post","3":"status-publish","4":"format-standard","5":"has-post-thumbnail","7":"category-strasbourg","8":"tag-actu","9":"tag-actualites","10":"tag-alsace","11":"tag-eu","12":"tag-europe","13":"tag-fr","14":"tag-france","15":"tag-grand-est","16":"tag-news","17":"tag-nuit-des-etoiles","18":"tag-observatoire","19":"tag-planetarium","20":"tag-republique-francaise","21":"tag-strasbourg"},"share_on_mastodon":{"url":"https:\/\/pubeurope.com\/@fr\/114925382732819352","error":""},"_links":{"self":[{"href":"https:\/\/www.europesays.com\/fr\/wp-json\/wp\/v2\/posts\/277431","targetHints":{"allow":["GET"]}}],"collection":[{"href":"https:\/\/www.europesays.com\/fr\/wp-json\/wp\/v2\/posts"}],"about":[{"href":"https:\/\/www.europesays.com\/fr\/wp-json\/wp\/v2\/types\/post"}],"author":[{"embeddable":true,"href":"https:\/\/www.europesays.com\/fr\/wp-json\/wp\/v2\/users\/2"}],"replies":[{"embeddable":true,"href":"https:\/\/www.europesays.com\/fr\/wp-json\/wp\/v2\/comments?post=277431"}],"version-history":[{"count":0,"href":"https:\/\/www.europesays.com\/fr\/wp-json\/wp\/v2\/posts\/277431\/revisions"}],"wp:featuredmedia":[{"embeddable":true,"href":"https:\/\/www.europesays.com\/fr\/wp-json\/wp\/v2\/media\/277432"}],"wp:attachment":[{"href":"https:\/\/www.europesays.com\/fr\/wp-json\/wp\/v2\/media?parent=277431"}],"wp:term":[{"taxonomy":"category","embeddable":true,"href":"https:\/\/www.europesays.com\/fr\/wp-json\/wp\/v2\/categories?post=277431"},{"taxonomy":"post_tag","embeddable":true,"href":"https:\/\/www.europesays.com\/fr\/wp-json\/wp\/v2\/tags?post=277431"}],"curies":[{"name":"wp","href":"https:\/\/api.w.org\/{rel}","templated":true}]}}