{"id":277433,"date":"2025-07-27T13:15:27","date_gmt":"2025-07-27T13:15:27","guid":{"rendered":"https:\/\/www.europesays.com\/fr\/277433\/"},"modified":"2025-07-27T13:15:27","modified_gmt":"2025-07-27T13:15:27","slug":"le-tunnel-de-letoile-sera-ferme-pendant-4-nuits-des-lundi-soir","status":"publish","type":"post","link":"https:\/\/www.europesays.com\/fr\/277433\/","title":{"rendered":"le tunnel de l\u2019\u00c9toile sera ferm\u00e9 pendant 4 nuits d\u00e8s lundi soir"},"content":{"rendered":"<p>    <img loading=\"lazy\" width=\"1800\" height=\"900\" src=\"https:\/\/www.europesays.com\/fr\/wp-content\/uploads\/2025\/04\/jeanne-callthepolice.jpg\" class=\"attachment-full size-full\" alt=\"\" id=\"imageLove\" decoding=\"async\"  \/><\/p>\n<p id=\"breadcrumbs\"><a href=\"https:\/\/pokaa.fr\/\" rel=\"nofollow noopener\" target=\"_blank\">Accueil<\/a> \/ <a href=\"https:\/\/pokaa.fr\/categories\/actu\/\" rel=\"nofollow noopener\" target=\"_blank\">Info locale<\/a> \/ Strasbourg en travaux : le tunnel de l\u2019\u00c9toile sera ferm\u00e9 pendant 4 nuits d\u00e8s lundi soir<\/p>\n<p>                    Info locale<\/p>\n<p><b>D\u00e8s aujourd\u2019hui et au moins jusqu\u2019au 1er ao\u00fbt, le tunnel de l\u2019\u00c9toile sera ferm\u00e9 \u00e0 la circulation entre 20h et 6h dans le sens France-Allemagne pour cause de la fermeture totale de la M352. Dans le sens Allemagne-France, il sera \u00e9galement ferm\u00e9 pendant quelques jours pour des op\u00e9rations de maintenance.<\/b><\/p>\n<p class=\"p1\">C\u2019est un grand classique dans la vie autorouti\u00e8re strasbourgeoise : le tunnel de l\u2019\u00c9toile est r\u00e9guli\u00e8rement ferm\u00e9 pour des op\u00e9rations de maintenance. <b>G\u00e9n\u00e9ralement, cela dure une nuit, rarement plus, dans les deux sens entre la France et l\u2019Allemagne<\/b>. Pas de quoi bouleverser les habitudes de circulation.<\/p>\n<p class=\"p1\">Mais \u00e0 partir de ce lundi 28 juillet, la situation va \u00eatre quelque peu diff\u00e9rente : <b>le tunnel de l\u2019\u00c9toile va \u00eatre ferm\u00e9 pendant plusieurs nuits<\/b>, que ce soit vers l\u2019Allemagne et l\u2019avenue du Rhin, ou vers la France et l\u2019autoroute.<\/p>\n<p>    <img width=\"800\" height=\"457\" src=\"https:\/\/www.europesays.com\/fr\/wp-content\/uploads\/2025\/04\/avenue-du-rhin-800x457.png\" class=\"attachment-image-size-L size-image-size-L\" alt=\"avenue du rhin\" decoding=\"async\" loading=\"lazy\"  \/>         \u00a9 Nicolas Kaspar \/ Pokaa <\/p>\n<p>Dans le sens France-Allemagne : au moins 4 nuits de fermeture<\/p>\n<p class=\"p1\">Vers l\u2019Allemagne, <b>le tunnel de l\u2019\u00c9toile va fermer ses portes \u00e0 partir de ce 28 juillet, et ce au moins pendant 4 nuits jusqu\u2019au 1er ao\u00fbt<\/b>. Une nuit suppl\u00e9mentaire entre le 1er et le 2 ao\u00fbt pourra \u00eatre rajout\u00e9e, en fonction de l\u2019avanc\u00e9e du chantier. Concr\u00e8tement, de 20h \u00e0 6h, le tunnel de l\u2019\u00c9toile sera donc inaccessible.<\/p>\n<p class=\"p1\">La raison ? <b>La fermeture de la M352 dans le sens Allemagne-France et les gros travaux men\u00e9s depuis le 14 juillet sur l\u2019axe<\/b>, pour la mise en place d\u2019un feu de r\u00e9gulation des trafics routiers, en amont de l\u2019entr\u00e9e du tunnel de l\u2019\u00c9toile et dans le r\u00e9am\u00e9nagement de l\u2019avenue du Rhin. Avec pour objectif avou\u00e9, bien que moins ambitieux qu\u2019annonc\u00e9, de r\u00e9duire les bouchons dans la portion centrale.<\/p>\n<p>                <a href=\"https:\/\/pokaa.fr\/2025\/07\/14\/strasbourg-depuis-hier-et-jusqua-fin-aout-lavenue-du-rhin-est-en-travaux\/\" rel=\"nofollow noopener\" target=\"_blank\"><br \/>\n                    <img width=\"450\" height=\"270\" src=\"https:\/\/www.europesays.com\/fr\/wp-content\/uploads\/2025\/07\/avenue-du-rhin-450x270.png\" class=\"attachment-card-horizontal--same-subject size-card-horizontal--same-subject wp-post-image\" alt=\"\" decoding=\"async\" loading=\"lazy\"\/>                <\/a><\/p>\n<p>    <img width=\"800\" height=\"600\" src=\"https:\/\/www.europesays.com\/fr\/wp-content\/uploads\/2025\/07\/img-2031-copie-800x600.jpg\" class=\"attachment-image-size-L size-image-size-L\" alt=\"avenue du rhin\" decoding=\"async\" loading=\"lazy\"  \/>         \u00a9 Coraline Lafon \/ Pokaa <\/p>\n<p>Dans le sens Allemagne-France : au moins 2 soir\u00e9es de fermeture<\/p>\n<p class=\"p1\">Dans l\u2019autre sens, celui qui quitte Strasbourg, <b>le tunnel de l\u2019\u00c9toile sera \u00e9galement ferm\u00e9 la nuit \u00e0 partir de ce lundi 28 juillet<\/b>. Dans le d\u00e9tail :<\/p>\n<ul class=\"ul1\">\n<li class=\"li3\">Fermeture du 28 au 29 juillet de 20h \u00e0 6h.<\/li>\n<li class=\"li3\">Fermeture du 29 au 30 juillet de 20h \u00e0 6h.<\/li>\n<li class=\"li4\">Et si le chantier n\u2019avance pas assez vite, une fermeture de plus du 30 au 31 juillet de 20h \u00e0 6h.<\/li>\n<\/ul>\n<p class=\"p1\">Une fermeture de quelques jours, <strong>qui permettra la r\u00e9alisation des traditionnelles op\u00e9rations de maintenance<\/strong>. Pour tout renseignement compl\u00e9mentaire, il est possible de contacter SIRAC-info-route au 03 88 84 84 84.<\/p>\n","protected":false},"excerpt":{"rendered":"Accueil \/ Info locale \/ Strasbourg en travaux : le tunnel de l\u2019\u00c9toile sera ferm\u00e9 pendant 4 nuits&hellip;\n","protected":false},"author":2,"featured_media":277434,"comment_status":"","ping_status":"","sticky":false,"template":"","format":"standard","meta":{"footnotes":""},"categories":[2820],"tags":[1111,11,39040,1777,674,1011,27,775,12,25,640,41660],"class_list":{"0":"post-277433","1":"post","2":"type-post","3":"status-publish","4":"format-standard","5":"has-post-thumbnail","7":"category-strasbourg","8":"tag-actu","9":"tag-actualites","10":"tag-avenue-du-rhin","11":"tag-eu","12":"tag-europe","13":"tag-fr","14":"tag-france","15":"tag-grand-est","16":"tag-news","17":"tag-republique-francaise","18":"tag-strasbourg","19":"tag-tunnel-de-letoile"},"share_on_mastodon":{"url":"https:\/\/pubeurope.com\/@fr\/114925386132089818","error":""},"_links":{"self":[{"href":"https:\/\/www.europesays.com\/fr\/wp-json\/wp\/v2\/posts\/277433","targetHints":{"allow":["GET"]}}],"collection":[{"href":"https:\/\/www.europesays.com\/fr\/wp-json\/wp\/v2\/posts"}],"about":[{"href":"https:\/\/www.europesays.com\/fr\/wp-json\/wp\/v2\/types\/post"}],"author":[{"embeddable":true,"href":"https:\/\/www.europesays.com\/fr\/wp-json\/wp\/v2\/users\/2"}],"replies":[{"embeddable":true,"href":"https:\/\/www.europesays.com\/fr\/wp-json\/wp\/v2\/comments?post=277433"}],"version-history":[{"count":0,"href":"https:\/\/www.europesays.com\/fr\/wp-json\/wp\/v2\/posts\/277433\/revisions"}],"wp:featuredmedia":[{"embeddable":true,"href":"https:\/\/www.europesays.com\/fr\/wp-json\/wp\/v2\/media\/277434"}],"wp:attachment":[{"href":"https:\/\/www.europesays.com\/fr\/wp-json\/wp\/v2\/media?parent=277433"}],"wp:term":[{"taxonomy":"category","embeddable":true,"href":"https:\/\/www.europesays.com\/fr\/wp-json\/wp\/v2\/categories?post=277433"},{"taxonomy":"post_tag","embeddable":true,"href":"https:\/\/www.europesays.com\/fr\/wp-json\/wp\/v2\/tags?post=277433"}],"curies":[{"name":"wp","href":"https:\/\/api.w.org\/{rel}","templated":true}]}}