{"id":277435,"date":"2025-07-27T13:17:18","date_gmt":"2025-07-27T13:17:18","guid":{"rendered":"https:\/\/www.europesays.com\/fr\/277435\/"},"modified":"2025-07-27T13:17:18","modified_gmt":"2025-07-27T13:17:18","slug":"un-an-apres-a-nice-le-quartier-toujours-traumatise-journal-de-13-heures","status":"publish","type":"post","link":"https:\/\/www.europesays.com\/fr\/277435\/","title":{"rendered":"Un an apr\u00e8s \u00e0 Nice : le quartier toujours traumatis\u00e9 &#8211; Journal de 13 heures"},"content":{"rendered":"<p id=\"descriptionPanel\" class=\"text-secondary mr-2 line-clamp-2 pr-2.5 overflow-visible\">Samedi dernier, un hommage a \u00e9t\u00e9 rendu aux victimes de l&rsquo;incendie des Moulins \u00e0 Nice (Alpes-Maritimes). Il y a un an, sept membres d&rsquo;une m\u00eame famille p\u00e9rissaient dans ce feu d&rsquo;origine criminelle li\u00e9 au narcotrafic. Aujourd&rsquo;hui, les traces de l&rsquo;incendie sont encore visibles sur la fa\u00e7ade du b\u00e2timent, et personne dans le quartier n&rsquo;a oubli\u00e9 ni les flammes, ni les victimes qui habitaient au dernier \u00e9tage. La peur et le souvenir d&rsquo;une famille d\u00e9cim\u00e9e se font sentir dans la ville.<\/p>\n<p>TF1 | Reportage J. GARREL, C. NAPOLI<\/p>\n<p>Afficher la version longue du r\u00e9sum\u00e9<a class=\"shrink-0\" href=\"https:\/\/www.tf1.fr\/fr-dz\/tf1\/jt-13h\" target=\"_blank\" rel=\"noopener\"><img decoding=\"async\" src=\"https:\/\/www.europesays.com\/fr\/wp-content\/uploads\/2025\/07\/program-card-portrait-1_jt13h_lacarrauandithurburu-af36c9-1a992f-0@1x.jpg\" width=\"138\" height=\"184\" alt=\"\" loading=\"eager\" fetchpriority=\"auto\" class=\"rounded-3px aspect-[3\/4] h-24 w-auto\" aria-hidden=\"true\"\/><\/a><\/p>\n","protected":false},"excerpt":{"rendered":"Samedi dernier, un hommage a \u00e9t\u00e9 rendu aux victimes de l&rsquo;incendie des Moulins \u00e0 Nice (Alpes-Maritimes). Il y&hellip;\n","protected":false},"author":2,"featured_media":277436,"comment_status":"","ping_status":"","sticky":false,"template":"","format":"standard","meta":{"footnotes":""},"categories":[2819],"tags":[1111,11,1777,674,3483,3484,41662,41321,1011,27,3486,3485,41663,41668,41672,41661,41669,41673,41666,41665,12,2401,882,25,41670,41671,3488,41667,3487,41664],"class_list":{"0":"post-277435","1":"post","2":"type-post","3":"status-publish","4":"format-standard","5":"has-post-thumbnail","7":"category-nice","8":"tag-actu","9":"tag-actualites","10":"tag-eu","11":"tag-europe","12":"tag-extrait","13":"tag-extrait-journal-de-13-heures","14":"tag-extrait-journal-de-13-heures-tf1","15":"tag-extrait-tf1","16":"tag-fr","17":"tag-france","18":"tag-journal-de-13-heures","19":"tag-journal-de-13-heures-extrait","20":"tag-journal-de-13-heures-extrait-tf1","21":"tag-journal-de-13-heures-streaming","22":"tag-journal-de-13-heures-streaming-gratuit","23":"tag-journal-de-13-heures-tf1","24":"tag-journal-de-13-heures-tf1-streaming","25":"tag-journal-de-13-heures-tf1-streaming-gratuit","26":"tag-journal-de-13-heures-tf1-video","27":"tag-journal-de-13-heures-video","28":"tag-news","29":"tag-nice","30":"tag-provence-alpes-cote-dazur","31":"tag-republique-francaise","32":"tag-streaming-gratuit-journal-de-13-heures","33":"tag-streaming-gratuit-journal-de-13-heures-tf1","34":"tag-streaming-journal-de-13-heures","35":"tag-streaming-journal-de-13-heures-tf1","36":"tag-video-journal-de-13-heures","37":"tag-video-journal-de-13-heures-tf1"},"share_on_mastodon":{"url":"","error":"Validation failed: Text character limit of 500 exceeded"},"_links":{"self":[{"href":"https:\/\/www.europesays.com\/fr\/wp-json\/wp\/v2\/posts\/277435","targetHints":{"allow":["GET"]}}],"collection":[{"href":"https:\/\/www.europesays.com\/fr\/wp-json\/wp\/v2\/posts"}],"about":[{"href":"https:\/\/www.europesays.com\/fr\/wp-json\/wp\/v2\/types\/post"}],"author":[{"embeddable":true,"href":"https:\/\/www.europesays.com\/fr\/wp-json\/wp\/v2\/users\/2"}],"replies":[{"embeddable":true,"href":"https:\/\/www.europesays.com\/fr\/wp-json\/wp\/v2\/comments?post=277435"}],"version-history":[{"count":0,"href":"https:\/\/www.europesays.com\/fr\/wp-json\/wp\/v2\/posts\/277435\/revisions"}],"wp:featuredmedia":[{"embeddable":true,"href":"https:\/\/www.europesays.com\/fr\/wp-json\/wp\/v2\/media\/277436"}],"wp:attachment":[{"href":"https:\/\/www.europesays.com\/fr\/wp-json\/wp\/v2\/media?parent=277435"}],"wp:term":[{"taxonomy":"category","embeddable":true,"href":"https:\/\/www.europesays.com\/fr\/wp-json\/wp\/v2\/categories?post=277435"},{"taxonomy":"post_tag","embeddable":true,"href":"https:\/\/www.europesays.com\/fr\/wp-json\/wp\/v2\/tags?post=277435"}],"curies":[{"name":"wp","href":"https:\/\/api.w.org\/{rel}","templated":true}]}}