{"id":277437,"date":"2025-07-27T13:18:19","date_gmt":"2025-07-27T13:18:19","guid":{"rendered":"https:\/\/www.europesays.com\/fr\/277437\/"},"modified":"2025-07-27T13:18:19","modified_gmt":"2025-07-27T13:18:19","slug":"aviron-mondiaux-u23-la-nantaise-rose-gallen-vice-championne-du-monde-en-deux-de-couple","status":"publish","type":"post","link":"https:\/\/www.europesays.com\/fr\/277437\/","title":{"rendered":"Aviron. Mondiaux U23\u00a0: la Nantaise\u00a0Rose Gallen vice-championne du monde en deux de couple"},"content":{"rendered":"<p>Elle grappille les places une \u00e0 une. M\u00e9daill\u00e9e de bronze l\u2019an dernier aux Mondiaux U23, Rose Gallen, 20\u00a0ans, d\u00e9croche cette fois la m\u00e9daille d\u2019argent en deux de couple avec Justine Dias, ce dimanche 27\u00a0juillet 2025 \u00e0 Poznan (Pologne).<\/p>\n<p>La Gr\u00e8ce, bis repetita<\/p>\n<p>Pour les deux Fran\u00e7aises, la finale a repris le sc\u00e9nario de la course pr\u00e9liminaire. D\u00e9j\u00e0 deuxi\u00e8mes derri\u00e8re les Grecques jeudi, elles ont de nouveau d\u00fb s\u2019incliner face \u00e0 elles, avec un \u00e9cart de deux secondes. L\u2019Allemagne compl\u00e8te le podium.<\/p>\n<p><strong>Lire aussi\u00a0:<\/strong> <a href=\"https:\/\/nantes.maville.com\/sport\/detail_-loire-atlantique-aviron.-mondiaux-u23-un-italien-a-change-la-vie-de-rose-gallen-_8-6841343_actu.Htm\" target=\"_blank\" rel=\"noopener\">Aviron. Mondiaux U23\u00a0: un Italien a chang\u00e9 la vie de Rose Gallen<\/a><\/p>\n<p>Cette nouvelle m\u00e9daille confirme la belle saison de Rose Gallen. En avril dernier, elle s\u2019\u00e9tait impos\u00e9e <a href=\"https:\/\/nantes.maville.com\/sport\/detail_-aviron.-le-cercle-aviron-nantes-et-rose-gallen-en-or-au-championnat-de-france-_8-6763748_actu.Htm\" target=\"_blank\" rel=\"noopener\">en skiff poids l\u00e9gers chez les seniors<\/a> lors des championnats de France bateaux courts \u00e0 Cazaubon.<\/p>\n<p>\u00a0<\/p>\n","protected":false},"excerpt":{"rendered":"Elle grappille les places une \u00e0 une. M\u00e9daill\u00e9e de bronze l\u2019an dernier aux Mondiaux U23, Rose Gallen, 20\u00a0ans,&hellip;\n","protected":false},"author":2,"featured_media":277438,"comment_status":"","ping_status":"","sticky":false,"template":"","format":"standard","meta":{"footnotes":""},"categories":[2818],"tags":[1111,11,3810,1193,1777,674,1011,27,41675,74,10837,7127,766,12,2636,25,4940,41674,41676],"class_list":{"0":"post-277437","1":"post","2":"type-post","3":"status-publish","4":"format-standard","5":"has-post-thumbnail","7":"category-nantes","8":"tag-actu","9":"tag-actualites","10":"tag-aviron","11":"tag-couple","12":"tag-eu","13":"tag-europe","14":"tag-fr","15":"tag-france","16":"tag-gallen","17":"tag-monde","18":"tag-mondiaux","19":"tag-nantaise","20":"tag-nantes","21":"tag-news","22":"tag-pays-de-la-loire","23":"tag-republique-francaise","24":"tag-rose","25":"tag-u23","26":"tag-vice-championne"},"share_on_mastodon":{"url":"https:\/\/pubeurope.com\/@fr\/114925398028208387","error":""},"_links":{"self":[{"href":"https:\/\/www.europesays.com\/fr\/wp-json\/wp\/v2\/posts\/277437","targetHints":{"allow":["GET"]}}],"collection":[{"href":"https:\/\/www.europesays.com\/fr\/wp-json\/wp\/v2\/posts"}],"about":[{"href":"https:\/\/www.europesays.com\/fr\/wp-json\/wp\/v2\/types\/post"}],"author":[{"embeddable":true,"href":"https:\/\/www.europesays.com\/fr\/wp-json\/wp\/v2\/users\/2"}],"replies":[{"embeddable":true,"href":"https:\/\/www.europesays.com\/fr\/wp-json\/wp\/v2\/comments?post=277437"}],"version-history":[{"count":0,"href":"https:\/\/www.europesays.com\/fr\/wp-json\/wp\/v2\/posts\/277437\/revisions"}],"wp:featuredmedia":[{"embeddable":true,"href":"https:\/\/www.europesays.com\/fr\/wp-json\/wp\/v2\/media\/277438"}],"wp:attachment":[{"href":"https:\/\/www.europesays.com\/fr\/wp-json\/wp\/v2\/media?parent=277437"}],"wp:term":[{"taxonomy":"category","embeddable":true,"href":"https:\/\/www.europesays.com\/fr\/wp-json\/wp\/v2\/categories?post=277437"},{"taxonomy":"post_tag","embeddable":true,"href":"https:\/\/www.europesays.com\/fr\/wp-json\/wp\/v2\/tags?post=277437"}],"curies":[{"name":"wp","href":"https:\/\/api.w.org\/{rel}","templated":true}]}}