{"id":277445,"date":"2025-07-27T13:22:14","date_gmt":"2025-07-27T13:22:14","guid":{"rendered":"https:\/\/www.europesays.com\/fr\/277445\/"},"modified":"2025-07-27T13:22:14","modified_gmt":"2025-07-27T13:22:14","slug":"quel-temps-fera-t-il-ce-dimanche-les-previsions-de-meteo-france-a-toulouse-et-en-occitanie","status":"publish","type":"post","link":"https:\/\/www.europesays.com\/fr\/277445\/","title":{"rendered":"Quel temps fera-t-il ce dimanche ? Les pr\u00e9visions de M\u00e9t\u00e9o France \u00e0 Toulouse et en Occitanie"},"content":{"rendered":"<p>            Par<br \/>\n        <strong><br \/>\n            <a href=\"https:\/\/actu.fr\/auteur\/guillaume-laurens\" title=\"Consulter tous les articles de Guillaume Laurens\" rel=\"nofollow noopener\" target=\"_blank\">Guillaume Laurens<\/a><br \/>\n        <\/strong><\/p>\n<p>        Publi\u00e9 le<\/p>\n<p>            27 juil. 2025 \u00e0 6h02        <\/p>\n<p>Bonjour \u00e0 tous\u2009! C\u2019est une journ\u00e9e encore <strong>relativement fra\u00eeche<\/strong> pour un c\u0153ur d\u2019\u00e9t\u00e9 qui s\u2019annonce ce dimanche 27\u00a0juillet 2025 \u00e0 <strong><a href=\"https:\/\/actu.fr\/toulouse\/\" rel=\"nofollow noopener\" target=\"_blank\">Toulouse<\/a> <\/strong>et dans la r\u00e9gion. Le point sur <a href=\"https:\/\/actu.fr\/toulouse\/meteo\" rel=\"nofollow noopener\" target=\"_blank\">les pr\u00e9visions m\u00e9t\u00e9o<\/a>.<\/p>\n<p>25\u00b0C l\u2019apr\u00e8s-midi et temps tr\u00e8s nuageux sur Toulouse<\/p>\n<p class=\" wall-content\">Dimanche sur Toulouse, d\u2019apr\u00e8s <a href=\"https:\/\/meteofrance.com\/previsions-meteo-france\/toulouse\/31000\" rel=\"nofollow noopener\" target=\"_blank\">M\u00e9t\u00e9o France<\/a>, les temp\u00e9ratures seront tr\u00e8s agr\u00e9ables, en dessous des normales de saison\u2009: comptez 17\u00b0C pour les minimales et <strong>seulement 25\u00b0C<\/strong> pour les maximales.<\/p>\n<p class=\" wall-content\">En revanche, le ciel sera <strong>couvert<\/strong> en <strong>matin\u00e9e<\/strong>, et tr\u00e8s <strong>nuageux l\u2019apr\u00e8s-midi, <\/strong>mais il ne devrait pas y avoir de pluie. \u00c0 noter que le\u00a0vent se renforcera, avec des <strong>rafales \u00e0 50\u00a0km\/h<\/strong> sur la Ville rose.<\/p>\n<p>    <img   decoding=\"async\" loading=\"lazy\" src=\"https:\/\/www.europesays.com\/fr\/wp-content\/uploads\/2025\/07\/les-previsions-meteo-a-toulouse-dimanche-27-juillet-2025-960x640.jpg\" alt=\"Voici les pr\u00e9visions m\u00e9t\u00e9o \u00e0 Toulouse dimanche 27 juillet 2025\" width=\"960\" height=\"640\"\/><br \/>\n    Voici les pr\u00e9visions m\u00e9t\u00e9o \u00e0 Toulouse dimanche 27\u00a0juillet 2025 (\u00a9M\u00e9t\u00e9o France)Nuages, pluies et \u00e9claircies ailleurs en Occitanie<\/p>\n<p class=\" wall-content\">Sur le reste de <strong>l\u2019Occitanie<\/strong>, le temps sera variable. En <strong>matin\u00e9e<\/strong>, de la <strong>pluie faible<\/strong> est pr\u00e9visible sur une large partie de la r\u00e9gion (Aveyron, Tarn, Lot, Tarn-et-Garonne, Gers, sud de la Haute-Garonne et Ari\u00e8ge), un <strong>temps nuageux<\/strong> ou des \u00e9claircies ailleurs.<\/p>\n<p class=\" wall-content\"><strong>L\u2019apr\u00e8s-midi<\/strong>, la <strong>pluie<\/strong> devrait persister sur certains d\u00e9partements (Aveyron, Tarn, Lot, Tarn-et-Garonne, Gers et Hautes-Pyr\u00e9n\u00e9es). Le ciel devrait rester <strong>tr\u00e8s nuageux<\/strong> ailleurs, et laisser place \u00e0 de <strong>belles \u00e9claircies<\/strong> le long du littoral m\u00e9diterran\u00e9en.<\/p>\n<p>Vid\u00e9os : en ce moment sur Actu<\/p>\n<p class=\" wall-content\">Il fera <strong>23\u00b0C \u00e0 Montauban<\/strong> (Tarn-et-Garonne) et <strong>Albi<\/strong> (Tarn), <strong>26\u00b0C \u00e0 B\u00e9ziers<\/strong> (H\u00e9rault) et jusqu\u2019\u00e0 <strong>29\u00b0C \u00e0 N\u00eemes<\/strong> (Gard).<\/p>\n<p>    <img   decoding=\"async\" loading=\"lazy\" src=\"https:\/\/www.europesays.com\/fr\/wp-content\/uploads\/2025\/07\/les-previsions-meteo-occitanie-dimanche-27-juillet-2025-960x640.jpg\" alt=\"Voici les pr\u00e9visions m\u00e9t\u00e9o en Occitanie dimanche 27 juillet 2025\" width=\"960\" height=\"640\"\/><br \/>\n    Voici les pr\u00e9visions m\u00e9t\u00e9o en Occitanie dimanche 27\u00a0juillet 2025 (\u00a9M\u00e9t\u00e9o France)<\/p>\n<p class=\" wall-content\">Suivez toute l\u2019actualit\u00e9 de vos villes et m\u00e9dias favoris en vous inscrivant \u00e0 <a href=\"https:\/\/moncompte.actu.fr\" title=\"D\u00e9couvez Mon Actu\" rel=\"nofollow noopener\" data-trk=\"{&quot;cta&quot;:{&quot;action&quot;:&quot;https:\\\/\\\/moncompte.actu.fr&quot;,&quot;category&quot;:&quot;mon compte&quot;,&quot;from&quot;:&quot;article footer&quot;,&quot;name&quot;:&quot;Mon actu&quot;,&quot;type&quot;:&quot;cta&quot;}}\" target=\"_blank\">Mon Actu<\/a>.<\/p>\n","protected":false},"excerpt":{"rendered":"Par Guillaume Laurens Publi\u00e9 le 27 juil. 2025 \u00e0 6h02 Bonjour \u00e0 tous\u2009! C\u2019est une journ\u00e9e encore relativement&hellip;\n","protected":false},"author":2,"featured_media":277446,"comment_status":"","ping_status":"","sticky":false,"template":"","format":"standard","meta":{"footnotes":""},"categories":[2816],"tags":[1111,11,1777,674,1011,27,2487,2357,12,2680,25,2312],"class_list":{"0":"post-277445","1":"post","2":"type-post","3":"status-publish","4":"format-standard","5":"has-post-thumbnail","7":"category-toulouse","8":"tag-actu","9":"tag-actualites","10":"tag-eu","11":"tag-europe","12":"tag-fr","13":"tag-france","14":"tag-meteo","15":"tag-meteo-france","16":"tag-news","17":"tag-occitanie","18":"tag-republique-francaise","19":"tag-toulouse"},"share_on_mastodon":{"url":"https:\/\/pubeurope.com\/@fr\/114925413826783939","error":""},"_links":{"self":[{"href":"https:\/\/www.europesays.com\/fr\/wp-json\/wp\/v2\/posts\/277445","targetHints":{"allow":["GET"]}}],"collection":[{"href":"https:\/\/www.europesays.com\/fr\/wp-json\/wp\/v2\/posts"}],"about":[{"href":"https:\/\/www.europesays.com\/fr\/wp-json\/wp\/v2\/types\/post"}],"author":[{"embeddable":true,"href":"https:\/\/www.europesays.com\/fr\/wp-json\/wp\/v2\/users\/2"}],"replies":[{"embeddable":true,"href":"https:\/\/www.europesays.com\/fr\/wp-json\/wp\/v2\/comments?post=277445"}],"version-history":[{"count":0,"href":"https:\/\/www.europesays.com\/fr\/wp-json\/wp\/v2\/posts\/277445\/revisions"}],"wp:featuredmedia":[{"embeddable":true,"href":"https:\/\/www.europesays.com\/fr\/wp-json\/wp\/v2\/media\/277446"}],"wp:attachment":[{"href":"https:\/\/www.europesays.com\/fr\/wp-json\/wp\/v2\/media?parent=277445"}],"wp:term":[{"taxonomy":"category","embeddable":true,"href":"https:\/\/www.europesays.com\/fr\/wp-json\/wp\/v2\/categories?post=277445"},{"taxonomy":"post_tag","embeddable":true,"href":"https:\/\/www.europesays.com\/fr\/wp-json\/wp\/v2\/tags?post=277445"}],"curies":[{"name":"wp","href":"https:\/\/api.w.org\/{rel}","templated":true}]}}