{"id":277449,"date":"2025-07-27T13:25:10","date_gmt":"2025-07-27T13:25:10","guid":{"rendered":"https:\/\/www.europesays.com\/fr\/277449\/"},"modified":"2025-07-27T13:25:10","modified_gmt":"2025-07-27T13:25:10","slug":"de-lange-est-courtise-par-lille","status":"publish","type":"post","link":"https:\/\/www.europesays.com\/fr\/277449\/","title":{"rendered":"De Lange est courtis\u00e9 par Lille"},"content":{"rendered":"<p>Il ne faisait <a href=\"https:\/\/www.laprovence.com\/article\/om\/35087658310018\/mercato-om-a-quoi-pourrait-ressembler-l-equipe-la-saison-prochaine\" target=\"_blank\" rel=\"noopener\">pas partie des joueurs destin\u00e9s \u00e0 un d\u00e9part<\/a> cet \u00e9t\u00e9 mais il pourrait bien quitter l&rsquo;OM, seulement un an apr\u00e8s <a href=\"https:\/\/www.laprovence.com\/article\/om\/16191136850396\/mercato-om-jeffrey-de-lange-officialise-en-attendant-rulli\" target=\"_blank\" rel=\"noopener\">son arriv\u00e9e<\/a>. Rien n&rsquo;est act\u00e9, encore, mais Jeffrey De Lange est sur les tablettes du Losc en cas de d\u00e9part de Lucas Chevalier, titulaire du poste dans le Nord, et les contacts ont \u00e9t\u00e9 amorc\u00e9s selon nos informations.<\/p>\n<p>Chevalier, gardien num\u00e9ro 2 de l&rsquo;\u00e9quipe de France, est tout proche du PSG, et les dirigeants lillois prospectent pour le remplacer. S&rsquo;ils ont plusieurs pistes, le nom de De Lange fait partie de leurs priorit\u00e9s et il est tr\u00e8s appr\u00e9ci\u00e9 par Nicolas Dehon, ancien entra\u00eeneur des gardiens de l&rsquo;OM, aujourd&rsquo;hui au Losc. Le portier n\u00e9erlandais est estim\u00e9 par ses dirigeants et son entra\u00eeneur, et il a disput\u00e9 une mi-temps ce samedi soir en amical contre Gerone.<\/p>\n","protected":false},"excerpt":{"rendered":"Il ne faisait pas partie des joueurs destin\u00e9s \u00e0 un d\u00e9part cet \u00e9t\u00e9 mais il pourrait bien quitter&hellip;\n","protected":false},"author":2,"featured_media":277450,"comment_status":"","ping_status":"","sticky":false,"template":"","format":"standard","meta":{"footnotes":""},"categories":[2815],"tags":[17,1111,11,28419,932,1777,674,1011,27,811,41677,1307,1434,12,149,5912,25],"class_list":{"0":"post-277449","1":"post","2":"type-post","3":"status-publish","4":"format-standard","5":"has-post-thumbnail","7":"category-lille","8":"tag-17","9":"tag-actu","10":"tag-actualites","11":"tag-courtise","12":"tag-est","13":"tag-eu","14":"tag-europe","15":"tag-fr","16":"tag-france","17":"tag-hauts-de-france","18":"tag-lange","19":"tag-lille","20":"tag-mercato","21":"tag-news","22":"tag-om","23":"tag-par","24":"tag-republique-francaise"},"share_on_mastodon":{"url":"https:\/\/pubeurope.com\/@fr\/114925426153645711","error":""},"_links":{"self":[{"href":"https:\/\/www.europesays.com\/fr\/wp-json\/wp\/v2\/posts\/277449","targetHints":{"allow":["GET"]}}],"collection":[{"href":"https:\/\/www.europesays.com\/fr\/wp-json\/wp\/v2\/posts"}],"about":[{"href":"https:\/\/www.europesays.com\/fr\/wp-json\/wp\/v2\/types\/post"}],"author":[{"embeddable":true,"href":"https:\/\/www.europesays.com\/fr\/wp-json\/wp\/v2\/users\/2"}],"replies":[{"embeddable":true,"href":"https:\/\/www.europesays.com\/fr\/wp-json\/wp\/v2\/comments?post=277449"}],"version-history":[{"count":0,"href":"https:\/\/www.europesays.com\/fr\/wp-json\/wp\/v2\/posts\/277449\/revisions"}],"wp:featuredmedia":[{"embeddable":true,"href":"https:\/\/www.europesays.com\/fr\/wp-json\/wp\/v2\/media\/277450"}],"wp:attachment":[{"href":"https:\/\/www.europesays.com\/fr\/wp-json\/wp\/v2\/media?parent=277449"}],"wp:term":[{"taxonomy":"category","embeddable":true,"href":"https:\/\/www.europesays.com\/fr\/wp-json\/wp\/v2\/categories?post=277449"},{"taxonomy":"post_tag","embeddable":true,"href":"https:\/\/www.europesays.com\/fr\/wp-json\/wp\/v2\/tags?post=277449"}],"curies":[{"name":"wp","href":"https:\/\/api.w.org\/{rel}","templated":true}]}}