{"id":277459,"date":"2025-07-27T13:31:14","date_gmt":"2025-07-27T13:31:14","guid":{"rendered":"https:\/\/www.europesays.com\/fr\/277459\/"},"modified":"2025-07-27T13:31:14","modified_gmt":"2025-07-27T13:31:14","slug":"campanile-saccelere-en-ile-de-france-infotravel-fr","status":"publish","type":"post","link":"https:\/\/www.europesays.com\/fr\/277459\/","title":{"rendered":"Campanile s\u2019acc\u00e9l\u00e8re\u00a0en \u00cele-de-France &#8211; InfoTravel.fr"},"content":{"rendered":"<p>\t\t\t\t\t\t\t\tLe renouveau Campanile s\u2019acc\u00e9l\u00e8re\u00a0en \u00cele-de-France<\/p>\n<p>\u00a0<\/p>\n<p>\u00a0<\/p>\n<p>Campanile engage une transformation majeure de son r\u00e9seau notamment en \u00cele-de-France, avec un plan massif de r\u00e9novation de ses \u00e9tablissements et l\u2019introduction de deux nouveaux labels au c\u0153ur de sa nouvelle architecture de marque : Campanile PRIME et Campanile NATURE. Cette d\u00e9marche vise \u00e0 valoriser les sp\u00e9cificit\u00e9s architecturales de chaque \u00e9tablissement tout en r\u00e9affirmant l\u2019ADN de la marque : une hospitalit\u00e9 chaleureuse, une exp\u00e9rience conviviale et une cuisine de terroir savoureuse.<\/p>\n<p><img loading=\"lazy\" decoding=\"async\" class=\"aligncenter wp-image-81520 size-full\" src=\"https:\/\/www.europesays.com\/fr\/wp-content\/uploads\/2025\/07\/mail-3.png\" alt=\"CAMPANILE\" width=\"1000\" height=\"405\"  \/><\/p>\n<p><a href=\"https:\/\/www.infotravel.fr\/destinations\/europe\/france\/le-campanile-perpignan-nord-se-reinvente\/\" rel=\"nofollow noopener\" target=\"_blank\">Campanile<\/a> s\u2019engage dans une vaste r\u00e9novation de son parc \u00e0 travers toute la France et notamment en r\u00e9gion parisienne, avec pour ambition d\u2019offrir une exp\u00e9rience client enrichie, plus lisible et adapt\u00e9e aux nouveaux usages. Chambres, fa\u00e7ades, parties communes, ext\u00e9rieurs, tous les espaces b\u00e9n\u00e9ficient d\u2019une transformation. Une douzaine d\u2019h\u00f4tels en filiale ayant d\u00e9j\u00e0 achev\u00e9 leur r\u00e9novation en \u00cele-de-France, cette dynamique se poursuit : d\u2019ici fin 2025, plus de 20 \u00e9tablissements franciliens auront ainsi \u00e9t\u00e9 r\u00e9nov\u00e9s ou revaloris\u00e9s, port\u00e9s par deux nouveaux univers d\u2019exp\u00e9rience : Campanile PRIME et Campanile NATURE.<\/p>\n<p>Ce projet ambitieux s\u2019inscrit dans une volont\u00e9 claire : moderniser l\u2019offre h\u00f4teli\u00e8re, en tenant compte de la diversit\u00e9 des implantations, des profils de voyageurs, et des exigences en mati\u00e8re de design, de restauration mais aussi d\u2019un confort sup\u00e9rieur. Matelas plus \u00e9pais et moelleux, oreillers premium, couette 100% coton, douche relaxante et linge de bain \u00e0 la texture enveloppante\u2026Tout a \u00e9t\u00e9 pens\u00e9 pour surpasser les attentes des voyageurs.<\/p>\n<p>Les premiers retours clients t\u00e9moignent d\u2019ailleurs de la r\u00e9sonance positive de cette transformation, \u00e0 l\u2019image des h\u00f4tels Campanile PRIME \u2013 Paris La Villette et Campanile NATURE \u2013 Villennes-sur-Seine dont les scores de satisfaction client s\u2019\u00e9l\u00e8vent respectivement \u00e0 hauteur de 4,27\/5 et 4,07\/5 depuis leur r\u00e9novation. Dans la continuit\u00e9 de ce plan de modernisation, la marque Campanile pr\u00e9voit ainsi la revalorisation de pr\u00e8s de 90 \u00e9tablissements en filiale en France d\u2019ici 2028. Cette dynamique suscite \u00e9galement un r\u00e9el engouement au sein du r\u00e9seau d\u2019investisseurs franchis\u00e9s du Groupe : 15 \u00e9tablissements Campanile en franchise ont d\u00e9j\u00e0 b\u00e9n\u00e9fici\u00e9 de r\u00e9novations et 29 suppl\u00e9mentaires pr\u00e9voient d\u2019adopter les labels PRIME et NATURE cette ann\u00e9e.<\/p>\n<p style=\"text-align: center;\"><strong>Campanile PRIME : modernit\u00e9, confort et vie citadine<\/strong><\/p>\n<p>Pens\u00e9s pour les voyageurs en qu\u00eate d\u2019exp\u00e9riences citadines, les h\u00f4tels Campanile PRIME sont situ\u00e9s principalement en zones urbaines ou en p\u00e9riph\u00e9rie proche. Leur design contemporain et cosy, associ\u00e9 \u00e0 des espaces communs pens\u00e9s pour la convivialit\u00e9, cr\u00e9e une atmosph\u00e8re chaleureuse \u00e0 laquelle s\u2019ajoutent de nouveaux \u00e9quipements modernes tels que des salles de fitness enti\u00e8rement \u00e9quip\u00e9es ou des kits Fitness disponibles en chambres comprenant halt\u00e8res, \u00e9lastiques, tapis de sol et acc\u00e8s \u00e0 l\u2019application Decathlon Coach.<\/p>\n<p><strong>Les h\u00f4tels Campanile PRIME r\u00e9nov\u00e9s :<\/strong><\/p>\n<ul>\n<li>Campanile PRIME \u2013 Paris La Villette, 75019 \u2013 208 chambres<\/li>\n<li>Campanile PRIME \u2013 Paris Ouest Boulogne, 92100 \u2013 55 chambres<\/li>\n<li>Campanile PRIME \u2013 Marne la Vall\u00e9e Torcy, 77200 \u2013 164 chambres<\/li>\n<li>Campanile PRIME \u2013 Paris Ouest Porte de Champerret Levallois, 92300 \u2013 58 chambres<\/li>\n<li>Campanile PRIME \u2013 Paris 15 Tour Eiffel, 75015 \u2013 72 chambres<\/li>\n<li>Campanile PRIME \u2013 Rungis Orly, 94550 \u2013 84 chambres<\/li>\n<\/ul>\n<p><strong>Les h\u00f4tels Campanile PRIME prochainement r\u00e9nov\u00e9s :<\/strong><\/p>\n<ul>\n<li>Campanile PRIME \u2013 Paris Sud Porte d\u2019Italie, 94270 \u2013 155 chambres<\/li>\n<li>Campanile PRIME \u2013 Paris Sud Porte d\u2019Orl\u00e9ans Arcueil, 94110 \u2013 85 chambres<\/li>\n<li>Campanile PRIME \u2013 Nanterre, 92000 \u2013 83 chambres<\/li>\n<li>Campanile PRIME \u2013 Paris Ouest Pont de Suresnes, 92150 \u2013 143 chambres<\/li>\n<li>Campanile PRIME \u2013 H\u00f4tel &amp; R\u00e9sidence Le Blanc-Mesnil, 93150 \u2013 243 chambres<\/li>\n<li>Campanile PRIME \u2013 Paris Est Pantin, 93500 \u2013 130 chambres<\/li>\n<li>Campanile PRIME \u2013 Argenteuil, 95100 \u2013 104 chambres<\/li>\n<li>Campanile PRIME \u2013 Marne la Vall\u00e9e Bussy-Saint-Georges, 77600 \u2013 97 chambres<\/li>\n<\/ul>\n<p><img loading=\"lazy\" decoding=\"async\" class=\"aligncenter wp-image-81522 size-large\" src=\"data:image\/svg+xml,%3Csvg%20xmlns=\" http:=\"\" alt=\"CAMPANILE\" width=\"1000\" height=\"317\" data-lazy- data-lazy- data-lazy-src=\"https:\/\/www.europesays.com\/fr\/wp-content\/uploads\/2025\/07\/mail-4-1000x317.png\"\/><\/p>\n<p style=\"text-align: center;\"><strong>Campanile NATURE : le charme authentique et la d\u00e9connexion au vert<\/strong><\/p>\n<p>Les h\u00f4tels Campanile NATURE rendent hommage \u00e0 l\u2019histoire de la marque, avec leurs b\u00e2timents de type \u00ab motel \u00e0 coursives ext\u00e9rieures \u00bb, d\u00e9sormais r\u00e9enchant\u00e9s gr\u00e2ce \u00e0 des am\u00e9nagements paysagers favorisant la d\u00e9tente et les activit\u00e9s en plein air. M\u00f6lkky, p\u00e9tanque, transats, aire de fitness pour les sportifs\u2026 Le choix d\u2019activit\u00e9s en plein air est vaste au sein des jardins ou terrasses v\u00e9g\u00e9talis\u00e9es selon les h\u00f4tels. Le s\u00e9jour devient ainsi une parenth\u00e8se de calme et de simplicit\u00e9, alliant confort et s\u00e9r\u00e9nit\u00e9 dans un cadre verdoyant.<\/p>\n<p><strong>Les h\u00f4tels Campanile NATURE r\u00e9nov\u00e9s :<\/strong><\/p>\n<ul>\n<li>Campanile NATURE \u2013 Marne La Vall\u00e9e Chelles, 77500 \u2013 54 chambres<\/li>\n<li>Campanile NATURE \u2013 Cergy Saint-Christophe, 95520 \u2013 49 chambres<\/li>\n<li>Campanile NATURE \u2013 Paris Ouest Gennevilliers Port, 92230 \u2013 51 chambres<\/li>\n<li>Campanile NATURE \u2013 Les Ulis, 91940 \u2013 53 chambres<\/li>\n<li>Campanile NATURE \u2013 Taverny, 95150 \u2013 77 chambres<\/li>\n<li>Campanile NATURE \u2013 Villennes-sur-Seine, 78670 \u2013 82 chambres<\/li>\n<li>Campanile NATURE \u2013 Sannois Ermont, 95110 \u2013 46 chambres<\/li>\n<\/ul>\n<p><strong>Les h\u00f4tels Campanile NATURE prochainement r\u00e9nov\u00e9s :<\/strong><\/p>\n<ul>\n<li>Campanile NATURE \u2013 Meaux, 77100 \u2013 48 chambres<\/li>\n<li>Campanile NATURE \u2013 Cergy Pontoise, 95300 \u2013 91 chambres<\/li>\n<li>Campanile NATURE \u2013 \u00c9p\u00f4ne, 78680 \u2013 53 chambres<\/li>\n<\/ul>\n<p><img loading=\"lazy\" decoding=\"async\" class=\"aligncenter wp-image-81523 size-large\" src=\"data:image\/svg+xml,%3Csvg%20xmlns=\" http:=\"\" alt=\"CAMPANILE\" width=\"1000\" height=\"252\" data-lazy- data-lazy- data-lazy-src=\"https:\/\/www.europesays.com\/fr\/wp-content\/uploads\/2025\/07\/mail-5-1000x252.png\"\/><\/p>\n<p style=\"text-align: center;\"><strong>Une exp\u00e9rience culinaire revisit\u00e9e au c\u0153ur de la transformation<\/strong><\/p>\n<p>La transformation Campanile ne s\u2019arr\u00eate pas au design : elle passe aussi par l\u2019assiette. L\u2019offre de petit-d\u00e9jeuner a \u00e9t\u00e9 enti\u00e8rement repens\u00e9e pour s\u2019adapter aux diff\u00e9rents besoins des \u00e9tablissements, tout en respectant les engagements durables de la marque. Le petit-d\u00e9jeuner devient ainsi un moment de gourmandise unique, avec une brioche artisanale signature, fa\u00e7onn\u00e9e \u00e0 la main \u00e0 partir d\u2019ingr\u00e9dients fran\u00e7ais soigneusement s\u00e9lectionn\u00e9s.<\/p>\n<p><img loading=\"lazy\" decoding=\"async\" class=\"aligncenter wp-image-81524 size-full\" src=\"data:image\/svg+xml,%3Csvg%20xmlns=\" http:=\"\" alt=\"CAMPANILE\" width=\"1000\" height=\"334\" data-lazy- data-lazy- data-lazy-src=\"https:\/\/www.europesays.com\/fr\/wp-content\/uploads\/2025\/07\/mail-6.png\"\/><\/p>\n<p style=\"text-align: center;\"><strong>Un engagement durable au c\u0153ur de la strat\u00e9gie de marque<\/strong><\/p>\n<p>Fid\u00e8le \u00e0 son ADN, la marque s\u2019engage \u00e9galement pour une h\u00f4tellerie plus responsable avec \u00e0 la mise en place des Hotel Sustainability Basics (HSB). Ces fondamentaux de l\u2019h\u00f4tellerie en mati\u00e8re de d\u00e9veloppement durable s\u2019articulent autour de l\u2019Efficacit\u00e9, de la Plan\u00e8te et de l\u2019Humain. <a href=\"https:\/\/www.infotravel.fr\/hotellerie\/campanile-ouvre-un-nouvel-hotel-en-pologne-et-poursuit-son-expansion-en-europe\/\" rel=\"nofollow noopener\" target=\"_blank\">Campanile<\/a> r\u00e9affirme ainsi son ambition de r\u00e9duire son impact environnemental tout en garantissant des pratiques responsables \u00e0 chaque \u00e9tape de l\u2019exp\u00e9rience client.<\/p>\n<p>\u00ab Ce plan de r\u00e9novation de nos h\u00f4tels Campanile en Ile-de-France illustre parfaitement la transformation engag\u00e9e par la marque \u00e0 l\u2019\u00e9chelle nationale, dans le cadre du plan strat\u00e9gique \u00e0 5 ans de Louvre Hotels Group. Gr\u00e2ce \u00e0 un positionnement clair avec la cr\u00e9ation des labels PRIME et NATURE, des designs innovants, modernes et modulables, ainsi qu\u2019une offre enti\u00e8rement repens\u00e9e, notre r\u00e9seau r\u00e9pond aux exigences des voyageurs d\u2019aujourd\u2019hui, tout en garantissant un fort retour sur investissement pour nos partenaires. Nous pr\u00e9voyons ainsi la r\u00e9novation de 80% de notre r\u00e9seau d\u2019ici 2028, afin de faire de chaque s\u00e9jour un moment de convivialit\u00e9 et de partage pour nos clients. \u00bb d\u00e9clare <strong>Krystel Blondeau, Directeur G\u00e9n\u00e9ral France chez Louvre Hotels Group<\/strong>.<\/p>\n","protected":false},"excerpt":{"rendered":"Le renouveau Campanile s\u2019acc\u00e9l\u00e8re\u00a0en \u00cele-de-France \u00a0 \u00a0 Campanile engage une transformation majeure de son r\u00e9seau notamment en \u00cele-de-France,&hellip;\n","protected":false},"author":2,"featured_media":277460,"comment_status":"","ping_status":"","sticky":false,"template":"","format":"standard","meta":{"footnotes":""},"categories":[1592],"tags":[1111,11,1777,674,1011,27,2519,22020,662,17782,2742,12,626,25,602,10030,2528,4824,586,1666],"class_list":{"0":"post-277459","1":"post","2":"type-post","3":"status-publish","4":"format-standard","5":"has-post-thumbnail","7":"category-ile-de-france","8":"tag-actu","9":"tag-actualites","10":"tag-eu","11":"tag-europe","12":"tag-fr","13":"tag-france","14":"tag-hotellerie","15":"tag-hotels","16":"tag-ile-de-france","17":"tag-infotravel","18":"tag-nature","19":"tag-news","20":"tag-paris","21":"tag-republique-francaise","22":"tag-tourisme","23":"tag-travel","24":"tag-vacances","25":"tag-ville","26":"tag-voyage","27":"tag-voyages"},"share_on_mastodon":{"url":"https:\/\/pubeurope.com\/@fr\/114925449111305604","error":""},"_links":{"self":[{"href":"https:\/\/www.europesays.com\/fr\/wp-json\/wp\/v2\/posts\/277459","targetHints":{"allow":["GET"]}}],"collection":[{"href":"https:\/\/www.europesays.com\/fr\/wp-json\/wp\/v2\/posts"}],"about":[{"href":"https:\/\/www.europesays.com\/fr\/wp-json\/wp\/v2\/types\/post"}],"author":[{"embeddable":true,"href":"https:\/\/www.europesays.com\/fr\/wp-json\/wp\/v2\/users\/2"}],"replies":[{"embeddable":true,"href":"https:\/\/www.europesays.com\/fr\/wp-json\/wp\/v2\/comments?post=277459"}],"version-history":[{"count":0,"href":"https:\/\/www.europesays.com\/fr\/wp-json\/wp\/v2\/posts\/277459\/revisions"}],"wp:featuredmedia":[{"embeddable":true,"href":"https:\/\/www.europesays.com\/fr\/wp-json\/wp\/v2\/media\/277460"}],"wp:attachment":[{"href":"https:\/\/www.europesays.com\/fr\/wp-json\/wp\/v2\/media?parent=277459"}],"wp:term":[{"taxonomy":"category","embeddable":true,"href":"https:\/\/www.europesays.com\/fr\/wp-json\/wp\/v2\/categories?post=277459"},{"taxonomy":"post_tag","embeddable":true,"href":"https:\/\/www.europesays.com\/fr\/wp-json\/wp\/v2\/tags?post=277459"}],"curies":[{"name":"wp","href":"https:\/\/api.w.org\/{rel}","templated":true}]}}